{"id":4452,"date":"2011-03-13T15:00:50","date_gmt":"2011-03-13T22:00:50","guid":{"rendered":"http:\/\/jlggb.net\/blog2\/?p=4452"},"modified":"2024-10-16T09:28:55","modified_gmt":"2024-10-16T08:28:55","slug":"francois-morellet","status":"publish","type":"post","link":"https:\/\/jlggb.net\/blog2\/?p=4452","title":{"rendered":"Fran\u00e7ois Morellet"},"content":{"rendered":"<p>Dimanche 13 mars 2011, 15h-16h, Mus\u00e9e national d&rsquo;art moderne, Centre Pompidou. Exposition Fran\u00e7ois Morellet, \u00ab\u00a0R\u00e9installations\u00a0\u00bb.<br \/>\n<span style=\"color: #ffffff;\">&#8211;<\/span><br \/>\n<a href=\"https:\/\/jlggb.net\/blog2\/wp-content\/uploads\/2011\/03\/croix.jpg\" data-rel=\"lightbox-image-0\" data-imagelightbox=\"0\" data-rl_title=\"\" data-rl_caption=\"\"><img loading=\"lazy\" decoding=\"async\" class=\"alignnone size-full wp-image-4456\" title=\"\" src=\"https:\/\/jlggb.net\/blog2\/wp-content\/uploads\/2011\/03\/croix.jpg\" alt=\"\" width=\"640\" height=\"480\" srcset=\"https:\/\/jlggb.net\/blog2\/wp-content\/uploads\/2011\/03\/croix.jpg 1280w, https:\/\/jlggb.net\/blog2\/wp-content\/uploads\/2011\/03\/croix-300x225.jpg 300w, https:\/\/jlggb.net\/blog2\/wp-content\/uploads\/2011\/03\/croix-1024x768.jpg 1024w, https:\/\/jlggb.net\/blog2\/wp-content\/uploads\/2011\/03\/croix-150x112.jpg 150w\" sizes=\"auto, (max-width: 640px) 100vw, 640px\" \/><\/a><br \/>\n<em>Deux trames de tirets 0\u00b0-90\u00b0 avec participation du spectateur<\/em>, 1971.<br \/>\n<span style=\"color: #ffffff;\">&#8211;<\/span><br \/>\n<a href=\"https:\/\/jlggb.net\/blog2\/wp-content\/uploads\/2011\/03\/joconde.jpg\" data-rel=\"lightbox-image-1\" data-imagelightbox=\"1\" data-rl_title=\"\" data-rl_caption=\"\"><img loading=\"lazy\" decoding=\"async\" class=\"alignnone size-full wp-image-4459\" title=\"\" src=\"https:\/\/jlggb.net\/blog2\/wp-content\/uploads\/2011\/03\/joconde.jpg\" alt=\"\" width=\"640\" height=\"480\" srcset=\"https:\/\/jlggb.net\/blog2\/wp-content\/uploads\/2011\/03\/joconde.jpg 1280w, https:\/\/jlggb.net\/blog2\/wp-content\/uploads\/2011\/03\/joconde-300x225.jpg 300w, https:\/\/jlggb.net\/blog2\/wp-content\/uploads\/2011\/03\/joconde-1024x768.jpg 1024w, https:\/\/jlggb.net\/blog2\/wp-content\/uploads\/2011\/03\/joconde-150x112.jpg 150w\" sizes=\"auto, (max-width: 640px) 100vw, 640px\" \/><\/a><br \/>\n<a href=\"https:\/\/jlggb.net\/blog2\/wp-content\/uploads\/2011\/03\/p\u00e9dale.jpg\" data-rel=\"lightbox-image-2\" data-imagelightbox=\"2\" data-rl_title=\"\" data-rl_caption=\"\"><img loading=\"lazy\" decoding=\"async\" class=\"alignnone size-full wp-image-4460\" title=\"\" src=\"https:\/\/jlggb.net\/blog2\/wp-content\/uploads\/2011\/03\/p\u00e9dale.jpg\" alt=\"\" width=\"640\" height=\"480\" \/><\/a><br \/>\n<em>La Joconde d\u00e9form\u00e9e<\/em>, 1964. Projection d&rsquo;une diapositive sur un rideau, ventilateur actionn\u00e9 par le spectateur.<br \/>\n<span style=\"color: #ffffff;\">&#8211;<\/span><br \/>\n<a href=\"https:\/\/jlggb.net\/blog2\/wp-content\/uploads\/2011\/03\/construction.jpg\" data-rel=\"lightbox-image-3\" data-imagelightbox=\"3\" data-rl_title=\"\" data-rl_caption=\"\"><img loading=\"lazy\" decoding=\"async\" class=\"alignnone size-full wp-image-4455\" title=\"\" src=\"https:\/\/jlggb.net\/blog2\/wp-content\/uploads\/2011\/03\/construction.jpg\" alt=\"\" width=\"640\" height=\"480\" srcset=\"https:\/\/jlggb.net\/blog2\/wp-content\/uploads\/2011\/03\/construction.jpg 1280w, https:\/\/jlggb.net\/blog2\/wp-content\/uploads\/2011\/03\/construction-300x225.jpg 300w, https:\/\/jlggb.net\/blog2\/wp-content\/uploads\/2011\/03\/construction-1024x768.jpg 1024w, https:\/\/jlggb.net\/blog2\/wp-content\/uploads\/2011\/03\/construction-150x112.jpg 150w\" sizes=\"auto, (max-width: 640px) 100vw, 640px\" \/><\/a><br \/>\n<em>Strip-teasing<\/em>, 2009.<br \/>\n<span style=\"color: #ffffff;\">&#8211;<\/span><br \/>\n<a href=\"https:\/\/jlggb.net\/blog2\/wp-content\/uploads\/2011\/03\/cercle.jpg\" data-rel=\"lightbox-image-4\" data-imagelightbox=\"4\" data-rl_title=\"\" data-rl_caption=\"\"><img loading=\"lazy\" decoding=\"async\" class=\"alignnone size-full wp-image-4454\" title=\"\" src=\"https:\/\/jlggb.net\/blog2\/wp-content\/uploads\/2011\/03\/cercle.jpg\" alt=\"\" width=\"640\" height=\"480\" srcset=\"https:\/\/jlggb.net\/blog2\/wp-content\/uploads\/2011\/03\/cercle.jpg 1280w, https:\/\/jlggb.net\/blog2\/wp-content\/uploads\/2011\/03\/cercle-300x225.jpg 300w, https:\/\/jlggb.net\/blog2\/wp-content\/uploads\/2011\/03\/cercle-1024x768.jpg 1024w, https:\/\/jlggb.net\/blog2\/wp-content\/uploads\/2011\/03\/cercle-150x112.jpg 150w\" sizes=\"auto, (max-width: 640px) 100vw, 640px\" \/><\/a><br \/>\n<em>G\u00e9om\u00e9tree n\u00b05, Arcs de cercles compl\u00e9mentaires<\/em>, 1983<br \/>\n<span style=\"color: #ffffff;\">&#8211;<\/span><br \/>\n<a href=\"https:\/\/jlggb.net\/blog2\/wp-content\/uploads\/2011\/03\/d\u00e9sordre-rouge.jpg\" data-rel=\"lightbox-image-5\" data-imagelightbox=\"5\" data-rl_title=\"\" data-rl_caption=\"\"><img loading=\"lazy\" decoding=\"async\" class=\"alignnone size-full wp-image-4458\" title=\"\" src=\"https:\/\/jlggb.net\/blog2\/wp-content\/uploads\/2011\/03\/d\u00e9sordre-rouge.jpg\" alt=\"\" width=\"640\" height=\"480\" \/><\/a><br \/>\n<em>Neons by Accident<\/em>, 2003.<br \/>\n<span style=\"color: #ffffff;\">&#8211;<\/span><br \/>\n<a href=\"https:\/\/jlggb.net\/blog2\/wp-content\/uploads\/2011\/03\/d\u00e9sordre-bleu.jpg\" data-rel=\"lightbox-image-6\" data-imagelightbox=\"6\" data-rl_title=\"\" data-rl_caption=\"\"><img loading=\"lazy\" decoding=\"async\" class=\"alignnone size-full wp-image-4457\" title=\"\" src=\"https:\/\/jlggb.net\/blog2\/wp-content\/uploads\/2011\/03\/d\u00e9sordre-bleu.jpg\" alt=\"\" width=\"640\" height=\"480\" \/><\/a><br \/>\n<em>No End Neon<\/em>, 1990.<br \/>\n<span style=\"color: #ffffff;\">&#8211;<\/span><br \/>\n<a href=\"https:\/\/jlggb.net\/blog2\/wp-content\/uploads\/2011\/03\/avalanche.jpg\" data-rel=\"lightbox-image-7\" data-imagelightbox=\"7\" data-rl_title=\"\" data-rl_caption=\"\"><img loading=\"lazy\" decoding=\"async\" class=\"alignnone size-full wp-image-4453\" title=\"\" src=\"https:\/\/jlggb.net\/blog2\/wp-content\/uploads\/2011\/03\/avalanche.jpg\" alt=\"\" width=\"640\" height=\"480\" srcset=\"https:\/\/jlggb.net\/blog2\/wp-content\/uploads\/2011\/03\/avalanche.jpg 1280w, https:\/\/jlggb.net\/blog2\/wp-content\/uploads\/2011\/03\/avalanche-300x225.jpg 300w, https:\/\/jlggb.net\/blog2\/wp-content\/uploads\/2011\/03\/avalanche-1024x768.jpg 1024w, https:\/\/jlggb.net\/blog2\/wp-content\/uploads\/2011\/03\/avalanche-150x112.jpg 150w\" sizes=\"auto, (max-width: 640px) 100vw, 640px\" \/><\/a><br \/>\n<em>L&rsquo;Avalanche<\/em>, 1996.<\/p>\n<p><a href=\"https:\/\/jlggb.net\/blog2\/wp-content\/uploads\/2011\/03\/grav-etc-grenoble-1968-640.jpg\" data-rel=\"lightbox-image-8\" data-imagelightbox=\"8\" data-rl_title=\"\" data-rl_caption=\"\"><img loading=\"lazy\" decoding=\"async\" class=\"alignnone size-full  wp-image-4477\" title=\"\" src=\"https:\/\/jlggb.net\/blog2\/wp-content\/uploads\/2011\/03\/grav-etc-grenoble-1968-640.jpg\" alt=\"\" width=\"401\" height=\"185\" srcset=\"https:\/\/jlggb.net\/blog2\/wp-content\/uploads\/2011\/03\/grav-etc-grenoble-1968-640.jpg 640w, https:\/\/jlggb.net\/blog2\/wp-content\/uploads\/2011\/03\/grav-etc-grenoble-1968-640-300x138.jpg 300w, https:\/\/jlggb.net\/blog2\/wp-content\/uploads\/2011\/03\/grav-etc-grenoble-1968-640-150x69.jpg 150w\" sizes=\"auto, (max-width: 401px) 100vw, 401px\" \/><\/a><br \/>\nSobrino, De Vecchi, Stein, Boriani, Colombo, Morellet, Massironi, Le Parc, Mari, membres du GRAV, du Groupe T ou du Groupe N, devant la Maison de la culture de Grenoble, avril 1968, \u00e0 l&rsquo;occasion de l&rsquo;exposition <em>Cin\u00e9tisme, Spectacle, Environnement<\/em>, con\u00e7ue par Frank Popper. (Collection JLggB)<\/p><\/blockquote>\n<p>Note&nbsp;: J&rsquo;ai suivi l&rsquo;\u0153uvre de Fran\u00e7ois Morellet depuis la rencontre \u00e0  Grenoble en 1968 (dans le collectif GRAV, pour <em>Cin\u00e9tisme-Spectacle-Environnement<\/em>).  Je me suis beaucoup int\u00e9ress\u00e9 \u00e0 ses \u00ab\u00a0Geometrees\u00a0\u00bb en 1985.<\/p>\n<p><a href=\"https:\/\/jlggb.net\/blog2\/wp-content\/uploads\/2011\/03\/geometree-600.jpg\" data-rel=\"lightbox-image-9\" data-imagelightbox=\"9\" data-rl_title=\"\" data-rl_caption=\"\"><img loading=\"lazy\" decoding=\"async\" class=\"alignnone size-full wp-image-4574\" title=\"\" src=\"https:\/\/jlggb.net\/blog2\/wp-content\/uploads\/2011\/03\/geometree-600.jpg\" alt=\"\" width=\"240\" height=\"336\" \/><\/a><br \/>\nFran\u00e7ois Morellet, <em>Geometree<\/em>, Abbaye royale de Fontevraud, 1985-1986. (Collection JLggB)<\/p><\/blockquote>\n<p>\u00c0 voir&nbsp;: sur Arte \u00ab L&rsquo;art et la mani\u00e8re \u00bb consacr\u00e9 \u00e0 Fran\u00e7ois Morellet <a href=\"http:\/\/videos.arte.tv\/fr\/videos\/l_art_la_maniere-3800794.html\" target=\"_blank\" rel=\"noopener\">http:\/\/videos.arte.tv\/fr\/videos\/l_art_la_maniere-3800794.html<\/a><br \/>\n<span style=\"color: #ffffff;\">_<\/span><br \/>\n<a href=\"https:\/\/jlggb.net\/blog2\/?page_id=4323\"><img loading=\"lazy\" decoding=\"async\" class=\"alignnone size-full wp-image-4324\" title=\"spirale-jlggb-80\" src=\"https:\/\/jlggb.net\/blog2\/wp-content\/uploads\/2011\/02\/spirale-jlggb-801.jpg\" alt=\"\" width=\"48\" height=\"48\" \/><br \/>\n<strong>Dossier \u00ab Cin\u00e9tisme \u00bb<\/strong> <\/a><\/p>\n<p>&nbsp;<\/p>\n","protected":false},"excerpt":{"rendered":"<p>Dimanche 13 mars 2011, 15h-16h, Mus\u00e9e national d&rsquo;art moderne, Centre Pompidou. Exposition Fran\u00e7ois Morellet, \u00ab\u00a0R\u00e9installations\u00a0\u00bb. &#8211; Deux trames de tirets 0\u00b0-90\u00b0 avec participation du spectateur, 1971. &#8211; La Joconde d\u00e9form\u00e9e, 1964. Projection d&rsquo;une diapositive sur un rideau, ventilateur actionn\u00e9 par le spectateur. &#8211; Strip-teasing, 2009. &#8211; G\u00e9om\u00e9tree n\u00b05, Arcs de cercles compl\u00e9mentaires, 1983 &#8211; Neons &hellip; <a href=\"https:\/\/jlggb.net\/blog2\/?p=4452\" class=\"more-link\">Continuer la lecture de <span class=\"screen-reader-text\">Fran\u00e7ois Morellet<\/span><\/a><\/p>\n","protected":false},"author":2,"featured_media":0,"comment_status":"closed","ping_status":"closed","sticky":false,"template":"","format":"standard","meta":{"footnotes":""},"categories":[71,95],"tags":[168,602,230,272],"class_list":["post-4452","post","type-post","status-publish","format-standard","hentry","category-dispositif","category-exposition","tag-cinetisme","tag-francois-morellet","tag-paris","tag-pompidou"],"_links":{"self":[{"href":"https:\/\/jlggb.net\/blog2\/index.php?rest_route=\/wp\/v2\/posts\/4452","targetHints":{"allow":["GET"]}}],"collection":[{"href":"https:\/\/jlggb.net\/blog2\/index.php?rest_route=\/wp\/v2\/posts"}],"about":[{"href":"https:\/\/jlggb.net\/blog2\/index.php?rest_route=\/wp\/v2\/types\/post"}],"author":[{"embeddable":true,"href":"https:\/\/jlggb.net\/blog2\/index.php?rest_route=\/wp\/v2\/users\/2"}],"replies":[{"embeddable":true,"href":"https:\/\/jlggb.net\/blog2\/index.php?rest_route=%2Fwp%2Fv2%2Fcomments&post=4452"}],"version-history":[{"count":2,"href":"https:\/\/jlggb.net\/blog2\/index.php?rest_route=\/wp\/v2\/posts\/4452\/revisions"}],"predecessor-version":[{"id":8476,"href":"https:\/\/jlggb.net\/blog2\/index.php?rest_route=\/wp\/v2\/posts\/4452\/revisions\/8476"}],"wp:attachment":[{"href":"https:\/\/jlggb.net\/blog2\/index.php?rest_route=%2Fwp%2Fv2%2Fmedia&parent=4452"}],"wp:term":[{"taxonomy":"category","embeddable":true,"href":"https:\/\/jlggb.net\/blog2\/index.php?rest_route=%2Fwp%2Fv2%2Fcategories&post=4452"},{"taxonomy":"post_tag","embeddable":true,"href":"https:\/\/jlggb.net\/blog2\/index.php?rest_route=%2Fwp%2Fv2%2Ftags&post=4452"}],"curies":[{"name":"wp","href":"https:\/\/api.w.org\/{rel}","templated":true}]}}