{"id":4412,"date":"2011-03-09T14:30:41","date_gmt":"2011-03-09T21:30:41","guid":{"rendered":"http:\/\/jlggb.net\/blog2\/?p=4412"},"modified":"2011-03-11T23:43:38","modified_gmt":"2011-03-12T06:43:38","slug":"les-feuilles","status":"publish","type":"post","link":"https:\/\/jlggb.net\/blog2\/?p=4412","title":{"rendered":"Les feuilles"},"content":{"rendered":"<p><a href=\"https:\/\/jlggb.net\/blog2\/wp-content\/uploads\/2011\/03\/jardin-des-plantes-2011.jpg\" data-rel=\"lightbox-image-0\" data-imagelightbox=\"0\" data-rl_title=\"\" data-rl_caption=\"\"><img loading=\"lazy\" decoding=\"async\" class=\"alignnone size-full wp-image-4413\" title=\"\" src=\"https:\/\/jlggb.net\/blog2\/wp-content\/uploads\/2011\/03\/jardin-des-plantes-2011.jpg\" alt=\"\" width=\"640\" height=\"480\" srcset=\"https:\/\/jlggb.net\/blog2\/wp-content\/uploads\/2011\/03\/jardin-des-plantes-2011.jpg 1280w, https:\/\/jlggb.net\/blog2\/wp-content\/uploads\/2011\/03\/jardin-des-plantes-2011-300x225.jpg 300w, https:\/\/jlggb.net\/blog2\/wp-content\/uploads\/2011\/03\/jardin-des-plantes-2011-1024x768.jpg 1024w, https:\/\/jlggb.net\/blog2\/wp-content\/uploads\/2011\/03\/jardin-des-plantes-2011-150x112.jpg 150w\" sizes=\"auto, (max-width: 640px) 100vw, 640px\" \/><\/a><br \/>\nMercredi 9 mars 2011, 14h30. Travers\u00e9e du Jardin des plantes&nbsp;: les premi\u00e8res feuilles de l&rsquo;ann\u00e9e.<br \/>\nVoir&nbsp;: <a href=\"https:\/\/jlggb.net\/blog2\/?p=1585\">https:\/\/jlggb.net\/blog2\/?p=1585<\/a><\/p>\n","protected":false},"excerpt":{"rendered":"<p>Mercredi 9 mars 2011, 14h30. Travers\u00e9e du Jardin des plantes&nbsp;: les premi\u00e8res feuilles de l&rsquo;ann\u00e9e. Voir&nbsp;: https:\/\/jlggb.net\/blog2\/?p=1585<\/p>\n","protected":false},"author":2,"featured_media":0,"comment_status":"closed","ping_status":"closed","sticky":false,"template":"","format":"standard","meta":{"footnotes":""},"categories":[7,219],"tags":[594,230],"class_list":["post-4412","post","type-post","status-publish","format-standard","hentry","category-moment","category-plante","tag-jardin-des-plantes","tag-paris"],"_links":{"self":[{"href":"https:\/\/jlggb.net\/blog2\/index.php?rest_route=\/wp\/v2\/posts\/4412","targetHints":{"allow":["GET"]}}],"collection":[{"href":"https:\/\/jlggb.net\/blog2\/index.php?rest_route=\/wp\/v2\/posts"}],"about":[{"href":"https:\/\/jlggb.net\/blog2\/index.php?rest_route=\/wp\/v2\/types\/post"}],"author":[{"embeddable":true,"href":"https:\/\/jlggb.net\/blog2\/index.php?rest_route=\/wp\/v2\/users\/2"}],"replies":[{"embeddable":true,"href":"https:\/\/jlggb.net\/blog2\/index.php?rest_route=%2Fwp%2Fv2%2Fcomments&post=4412"}],"version-history":[{"count":0,"href":"https:\/\/jlggb.net\/blog2\/index.php?rest_route=\/wp\/v2\/posts\/4412\/revisions"}],"wp:attachment":[{"href":"https:\/\/jlggb.net\/blog2\/index.php?rest_route=%2Fwp%2Fv2%2Fmedia&parent=4412"}],"wp:term":[{"taxonomy":"category","embeddable":true,"href":"https:\/\/jlggb.net\/blog2\/index.php?rest_route=%2Fwp%2Fv2%2Fcategories&post=4412"},{"taxonomy":"post_tag","embeddable":true,"href":"https:\/\/jlggb.net\/blog2\/index.php?rest_route=%2Fwp%2Fv2%2Ftags&post=4412"}],"curies":[{"name":"wp","href":"https:\/\/api.w.org\/{rel}","templated":true}]}}