{"id":4367,"date":"2011-03-03T09:00:05","date_gmt":"2011-03-03T08:00:05","guid":{"rendered":"http:\/\/jlggb.net\/blog2\/?p=4367"},"modified":"2020-05-05T21:43:43","modified_gmt":"2020-05-05T20:43:43","slug":"metissage","status":"publish","type":"post","link":"https:\/\/jlggb.net\/blog2\/?p=4367","title":{"rendered":"M\u00e9tissage"},"content":{"rendered":"<p><a href=\"https:\/\/jlggb.net\/blog2\/wp-content\/uploads\/2011\/03\/adriatica-lumi\u00e8res.jpg\" data-rel=\"lightbox-image-0\" data-imagelightbox=\"0\" data-rl_title=\"\" data-rl_caption=\"\"><img loading=\"lazy\" decoding=\"async\" class=\"alignnone size-full wp-image-4368\" title=\"\" src=\"https:\/\/jlggb.net\/blog2\/wp-content\/uploads\/2011\/03\/adriatica-lumi\u00e8res.jpg\" alt=\"\" width=\"640\" height=\"480\" \/><\/a><br \/>\n<a href=\"https:\/\/jlggb.net\/blog2\/wp-content\/uploads\/2011\/03\/adriatica-marches.jpg\" data-rel=\"lightbox-image-1\" data-imagelightbox=\"1\" data-rl_title=\"\" data-rl_caption=\"\"><img loading=\"lazy\" decoding=\"async\" class=\"alignnone size-full wp-image-4369\" title=\"\" src=\"https:\/\/jlggb.net\/blog2\/wp-content\/uploads\/2011\/03\/adriatica-marches.jpg\" alt=\"\" width=\"640\" height=\"480\" srcset=\"https:\/\/jlggb.net\/blog2\/wp-content\/uploads\/2011\/03\/adriatica-marches.jpg 1280w, https:\/\/jlggb.net\/blog2\/wp-content\/uploads\/2011\/03\/adriatica-marches-300x225.jpg 300w, https:\/\/jlggb.net\/blog2\/wp-content\/uploads\/2011\/03\/adriatica-marches-1024x768.jpg 1024w, https:\/\/jlggb.net\/blog2\/wp-content\/uploads\/2011\/03\/adriatica-marches-150x112.jpg 150w\" sizes=\"auto, (max-width: 640px) 100vw, 640px\" \/><\/a><br \/>\nJeudi 3 mars 2011, 8h, h\u00f4tel Adriatica, 21 Rue Sautter, Gen\u00e8ve. Dans un b\u00e2timents de structure moderne et pr\u00e9sentant un ensemble de d\u00e9tails significatifs d&rsquo;une qualit\u00e9 constructive genevoise, s&rsquo;est ins\u00e9r\u00e9e une d\u00e9coration baroque, color\u00e9e et lumineuse qui renvoie \u00e0 l&rsquo;Italie.<\/p>\n","protected":false},"excerpt":{"rendered":"<p>Jeudi 3 mars 2011, 8h, h\u00f4tel Adriatica, 21 Rue Sautter, Gen\u00e8ve. Dans un b\u00e2timents de structure moderne et pr\u00e9sentant un ensemble de d\u00e9tails significatifs d&rsquo;une qualit\u00e9 constructive genevoise, s&rsquo;est ins\u00e9r\u00e9e une d\u00e9coration baroque, color\u00e9e et lumineuse qui renvoie \u00e0 l&rsquo;Italie.<\/p>\n","protected":false},"author":2,"featured_media":0,"comment_status":"closed","ping_status":"closed","sticky":false,"template":"","format":"standard","meta":{"footnotes":""},"categories":[45,201,51,144],"tags":[77,92],"class_list":["post-4367","post","type-post","status-publish","format-standard","hentry","category-architecture","category-collection","category-decor","category-escalier","tag-geneve","tag-italie"],"_links":{"self":[{"href":"https:\/\/jlggb.net\/blog2\/index.php?rest_route=\/wp\/v2\/posts\/4367","targetHints":{"allow":["GET"]}}],"collection":[{"href":"https:\/\/jlggb.net\/blog2\/index.php?rest_route=\/wp\/v2\/posts"}],"about":[{"href":"https:\/\/jlggb.net\/blog2\/index.php?rest_route=\/wp\/v2\/types\/post"}],"author":[{"embeddable":true,"href":"https:\/\/jlggb.net\/blog2\/index.php?rest_route=\/wp\/v2\/users\/2"}],"replies":[{"embeddable":true,"href":"https:\/\/jlggb.net\/blog2\/index.php?rest_route=%2Fwp%2Fv2%2Fcomments&post=4367"}],"version-history":[{"count":2,"href":"https:\/\/jlggb.net\/blog2\/index.php?rest_route=\/wp\/v2\/posts\/4367\/revisions"}],"predecessor-version":[{"id":8283,"href":"https:\/\/jlggb.net\/blog2\/index.php?rest_route=\/wp\/v2\/posts\/4367\/revisions\/8283"}],"wp:attachment":[{"href":"https:\/\/jlggb.net\/blog2\/index.php?rest_route=%2Fwp%2Fv2%2Fmedia&parent=4367"}],"wp:term":[{"taxonomy":"category","embeddable":true,"href":"https:\/\/jlggb.net\/blog2\/index.php?rest_route=%2Fwp%2Fv2%2Fcategories&post=4367"},{"taxonomy":"post_tag","embeddable":true,"href":"https:\/\/jlggb.net\/blog2\/index.php?rest_route=%2Fwp%2Fv2%2Ftags&post=4367"}],"curies":[{"name":"wp","href":"https:\/\/api.w.org\/{rel}","templated":true}]}}