{"id":3902,"date":"2011-01-28T12:01:46","date_gmt":"2011-01-28T19:01:46","guid":{"rendered":"http:\/\/jlggb.net\/blog2\/?p=3902"},"modified":"2024-10-16T09:54:52","modified_gmt":"2024-10-16T08:54:52","slug":"panoramiques","status":"publish","type":"post","link":"https:\/\/jlggb.net\/blog2\/?p=3902","title":{"rendered":"Panoramiques"},"content":{"rendered":"<p>Vendredi 28 janvier 2011, 12h. <a href=\"http:\/\/www.museenational.ch\/f\/prangins\/index.php\" target=\"_blank\" rel=\"noopener\">Ch\u00e2teau de Prangins, Mus\u00e9e national suisse<\/a>, exposition de papiers peints.<\/p>\n<p>On y d\u00e9couvre non seulement les luxueuses impressions \u00e0 la planche et les motifs \u00e0 l\u2019antique typiques du tournant du XVIIIe si\u00e8cle, mais aussi les rouleaux industriels de la Belle \u00c9poque, avec leurs motifs historicisants ou Art nouveau. Sans oublier les c\u00e9l\u00e8bres panoramiques, une des formes de d\u00e9cor int\u00e9rieur les plus appr\u00e9ci\u00e9es de tout le monde occidental vers 1800-1850, dont la Suisse fut un motif de pr\u00e9dilection. \u00c0 titre d\u2019exemple, <em>la Grande Helv\u00e9tie<\/em> et <em>la Petite Helv\u00e9tie<\/em> rappelleront que si notre pays n\u2019a quasiment pas fabriqu\u00e9 de papier peint, il a servi d\u2019inspiration pour des cr\u00e9ations export\u00e9es dans le monde entier.<br \/>\n(Texte officiel&#8230;)<\/p>\n<p><a href=\"https:\/\/jlggb.net\/blog2\/wp-content\/uploads\/2011\/01\/swiss-panoramic-II-1600.jpg\" data-rel=\"lightbox-image-0\" data-imagelightbox=\"0\" data-rl_title=\"\" data-rl_caption=\"\"><img loading=\"lazy\" decoding=\"async\" class=\"alignnone size-full wp-image-3903\" title=\"\" src=\"https:\/\/jlggb.net\/blog2\/wp-content\/uploads\/2011\/01\/swiss-panoramic-II-1600.jpg\" alt=\"\" width=\"640\" height=\"236\" srcset=\"https:\/\/jlggb.net\/blog2\/wp-content\/uploads\/2011\/01\/swiss-panoramic-II-1600.jpg 1600w, https:\/\/jlggb.net\/blog2\/wp-content\/uploads\/2011\/01\/swiss-panoramic-II-1600-300x110.jpg 300w, https:\/\/jlggb.net\/blog2\/wp-content\/uploads\/2011\/01\/swiss-panoramic-II-1600-1024x377.jpg 1024w, https:\/\/jlggb.net\/blog2\/wp-content\/uploads\/2011\/01\/swiss-panoramic-II-1600-150x55.jpg 150w\" sizes=\"auto, (max-width: 640px) 100vw, 640px\" \/><\/a><br \/>\n<a href=\"https:\/\/jlggb.net\/blog2\/wp-content\/uploads\/2011\/01\/swisss-panoramic-d\u00e9tail.jpg\" data-rel=\"lightbox-image-1\" data-imagelightbox=\"1\" data-rl_title=\"\" data-rl_caption=\"\"><img loading=\"lazy\" decoding=\"async\" class=\"alignnone size-full wp-image-3904\" title=\"\" src=\"https:\/\/jlggb.net\/blog2\/wp-content\/uploads\/2011\/01\/swisss-panoramic-d\u00e9tail.jpg\" alt=\"\" width=\"640\" height=\"480\" \/><\/a><br \/>\nPapier peint panoramique <em>la Petite Helv\u00e9tie<\/em> dessin\u00e9 par Antoine-Pierre Mongin en 1815-1816 pour la Manufacture Jean Zuber \u00e0 Rixheim (Mulhouse), vendu jusqu&rsquo;en 1871.<br \/>\nVoir&nbsp;: <a href=\"http:\/\/www.mulhouseum.uha.fr\/site\/medias\/_fiche_pdf\/MPP-TdA-018.pdf\" target=\"_blank\" rel=\"noopener\">document sur les panoramiques de Zuber au Mus\u00e9e du papier peint de Mulhouse<\/a>.<br \/>\n<span style=\"color: #ffffff;\">&#8211;<\/span><br \/>\n<a href=\"https:\/\/jlggb.net\/blog2\/wp-content\/uploads\/2011\/01\/cal\u00e8che-prangins.jpg\" data-rel=\"lightbox-image-2\" data-imagelightbox=\"2\" data-rl_title=\"\" data-rl_caption=\"\"><img loading=\"lazy\" decoding=\"async\" class=\"alignnone size-full wp-image-3910\" title=\"\" src=\"https:\/\/jlggb.net\/blog2\/wp-content\/uploads\/2011\/01\/cal\u00e8che-prangins.jpg\" alt=\"\" width=\"640\" height=\"480\" \/><\/a><br \/>\nVendredi 28 janvier 2011, 13h. Ch\u00e2teau de Prangins, Mus\u00e9e national suisse, cal\u00e8che dont les si\u00e8ges sont tourn\u00e9s vers le paysage (panoramique, ou plut\u00f4t, travelling).<\/p>\n","protected":false},"excerpt":{"rendered":"<p>Vendredi 28 janvier 2011, 12h. Ch\u00e2teau de Prangins, Mus\u00e9e national suisse, exposition de papiers peints. On y d\u00e9couvre non seulement les luxueuses impressions \u00e0 la planche et les motifs \u00e0 l\u2019antique typiques du tournant du XVIIIe si\u00e8cle, mais aussi les rouleaux industriels de la Belle \u00c9poque, avec leurs motifs historicisants ou Art nouveau. Sans oublier &hellip; <a href=\"https:\/\/jlggb.net\/blog2\/?p=3902\" class=\"more-link\">Continuer la lecture de <span class=\"screen-reader-text\">Panoramiques<\/span><\/a><\/p>\n","protected":false},"author":2,"featured_media":0,"comment_status":"closed","ping_status":"closed","sticky":false,"template":"","format":"standard","meta":{"footnotes":""},"categories":[51,95,145,211],"tags":[558,357,338,557],"class_list":["post-3902","post","type-post","status-publish","format-standard","hentry","category-decor","category-exposition","category-panorama","category-vue","tag-caleche","tag-panoramique","tag-suisse","tag-zuber"],"_links":{"self":[{"href":"https:\/\/jlggb.net\/blog2\/index.php?rest_route=\/wp\/v2\/posts\/3902","targetHints":{"allow":["GET"]}}],"collection":[{"href":"https:\/\/jlggb.net\/blog2\/index.php?rest_route=\/wp\/v2\/posts"}],"about":[{"href":"https:\/\/jlggb.net\/blog2\/index.php?rest_route=\/wp\/v2\/types\/post"}],"author":[{"embeddable":true,"href":"https:\/\/jlggb.net\/blog2\/index.php?rest_route=\/wp\/v2\/users\/2"}],"replies":[{"embeddable":true,"href":"https:\/\/jlggb.net\/blog2\/index.php?rest_route=%2Fwp%2Fv2%2Fcomments&post=3902"}],"version-history":[{"count":1,"href":"https:\/\/jlggb.net\/blog2\/index.php?rest_route=\/wp\/v2\/posts\/3902\/revisions"}],"predecessor-version":[{"id":8484,"href":"https:\/\/jlggb.net\/blog2\/index.php?rest_route=\/wp\/v2\/posts\/3902\/revisions\/8484"}],"wp:attachment":[{"href":"https:\/\/jlggb.net\/blog2\/index.php?rest_route=%2Fwp%2Fv2%2Fmedia&parent=3902"}],"wp:term":[{"taxonomy":"category","embeddable":true,"href":"https:\/\/jlggb.net\/blog2\/index.php?rest_route=%2Fwp%2Fv2%2Fcategories&post=3902"},{"taxonomy":"post_tag","embeddable":true,"href":"https:\/\/jlggb.net\/blog2\/index.php?rest_route=%2Fwp%2Fv2%2Ftags&post=3902"}],"curies":[{"name":"wp","href":"https:\/\/api.w.org\/{rel}","templated":true}]}}