{"id":3802,"date":"2011-01-15T17:30:51","date_gmt":"2011-01-15T21:30:51","guid":{"rendered":"http:\/\/jlggb.net\/blog2\/?p=3802"},"modified":"2011-01-16T11:20:04","modified_gmt":"2011-01-16T15:50:04","slug":"un-jour-apres-la-revolution","status":"publish","type":"post","link":"https:\/\/jlggb.net\/blog2\/?p=3802","title":{"rendered":"Un jour apr\u00e8s la r\u00e9volution"},"content":{"rendered":"<p><a href=\"https:\/\/jlggb.net\/blog2\/wp-content\/uploads\/2011\/01\/monde-arabe-1600.jpg\" data-rel=\"lightbox-image-0\" data-imagelightbox=\"0\" data-rl_title=\"\" data-rl_caption=\"\"><img loading=\"lazy\" decoding=\"async\" src=\"https:\/\/jlggb.net\/blog2\/wp-content\/uploads\/2011\/01\/monde-arabe-1600.jpg\" alt=\"\" title=\"\" width=\"640\" height=\"480\" class=\"alignnone size-full wp-image-3808\" srcset=\"https:\/\/jlggb.net\/blog2\/wp-content\/uploads\/2011\/01\/monde-arabe-1600.jpg 1600w, https:\/\/jlggb.net\/blog2\/wp-content\/uploads\/2011\/01\/monde-arabe-1600-300x225.jpg 300w, https:\/\/jlggb.net\/blog2\/wp-content\/uploads\/2011\/01\/monde-arabe-1600-1024x768.jpg 1024w, https:\/\/jlggb.net\/blog2\/wp-content\/uploads\/2011\/01\/monde-arabe-1600-150x112.jpg 150w\" sizes=\"auto, (max-width: 640px) 100vw, 640px\" \/><\/a><br \/>\nSamedi 15 janvier 2011, 17h30, vue depuis la terrasse de l&rsquo;Institut du Monde arabe \u00e0 Paris. Une manifestation contre le projet de \u00ab loi d\u2019orientation et de programmation pour la performance de la s\u00e9curit\u00e9 int\u00e9rieure \u00bb, dite \u00ab LOPPSI 2 \u00bb, a lieu vers l&rsquo;Od\u00e9on. Une autre \u00e0 la R\u00e9publique, en soutien \u00e0 la \u00ab r\u00e9volution \u00bb en Tunisie qui a eu lieu la veille.<\/p>\n","protected":false},"excerpt":{"rendered":"<p>Samedi 15 janvier 2011, 17h30, vue depuis la terrasse de l&rsquo;Institut du Monde arabe \u00e0 Paris. Une manifestation contre le projet de \u00ab loi d\u2019orientation et de programmation pour la performance de la s\u00e9curit\u00e9 int\u00e9rieure \u00bb, dite \u00ab LOPPSI 2 \u00bb, a lieu vers l&rsquo;Od\u00e9on. Une autre \u00e0 la R\u00e9publique, en soutien \u00e0 la \u00ab &hellip; <a href=\"https:\/\/jlggb.net\/blog2\/?p=3802\" class=\"more-link\">Continuer la lecture de <span class=\"screen-reader-text\">Un jour apr\u00e8s la r\u00e9volution<\/span><\/a><\/p>\n","protected":false},"author":2,"featured_media":0,"comment_status":"closed","ping_status":"closed","sticky":false,"template":"","format":"standard","meta":{"footnotes":""},"categories":[7,211],"tags":[548,249,381],"class_list":["post-3802","post","type-post","status-publish","format-standard","hentry","category-moment","category-vue","tag-manifestation","tag-notre-dame","tag-seine"],"_links":{"self":[{"href":"https:\/\/jlggb.net\/blog2\/index.php?rest_route=\/wp\/v2\/posts\/3802","targetHints":{"allow":["GET"]}}],"collection":[{"href":"https:\/\/jlggb.net\/blog2\/index.php?rest_route=\/wp\/v2\/posts"}],"about":[{"href":"https:\/\/jlggb.net\/blog2\/index.php?rest_route=\/wp\/v2\/types\/post"}],"author":[{"embeddable":true,"href":"https:\/\/jlggb.net\/blog2\/index.php?rest_route=\/wp\/v2\/users\/2"}],"replies":[{"embeddable":true,"href":"https:\/\/jlggb.net\/blog2\/index.php?rest_route=%2Fwp%2Fv2%2Fcomments&post=3802"}],"version-history":[{"count":0,"href":"https:\/\/jlggb.net\/blog2\/index.php?rest_route=\/wp\/v2\/posts\/3802\/revisions"}],"wp:attachment":[{"href":"https:\/\/jlggb.net\/blog2\/index.php?rest_route=%2Fwp%2Fv2%2Fmedia&parent=3802"}],"wp:term":[{"taxonomy":"category","embeddable":true,"href":"https:\/\/jlggb.net\/blog2\/index.php?rest_route=%2Fwp%2Fv2%2Fcategories&post=3802"},{"taxonomy":"post_tag","embeddable":true,"href":"https:\/\/jlggb.net\/blog2\/index.php?rest_route=%2Fwp%2Fv2%2Ftags&post=3802"}],"curies":[{"name":"wp","href":"https:\/\/api.w.org\/{rel}","templated":true}]}}