{"id":3763,"date":"2011-01-09T22:00:33","date_gmt":"2011-01-10T00:30:33","guid":{"rendered":"http:\/\/jlggb.net\/blog2\/?p=3763"},"modified":"2012-07-31T23:14:13","modified_gmt":"2012-07-31T22:14:13","slug":"notre-sechoir-a-noix","status":"publish","type":"post","link":"https:\/\/jlggb.net\/blog2\/?p=3763","title":{"rendered":"Notre s\u00e9choir \u00e0 noix"},"content":{"rendered":"<p><a href=\"https:\/\/jlggb.net\/blog2\/wp-content\/uploads\/2011\/01\/buissonni\u00e8re-1953.jpg\" data-rel=\"lightbox-image-0\" data-imagelightbox=\"0\" data-rl_title=\"\" data-rl_caption=\"\"><img loading=\"lazy\" decoding=\"async\" class=\"alignnone size-full wp-image-3764\" title=\"\" src=\"https:\/\/jlggb.net\/blog2\/wp-content\/uploads\/2011\/01\/buissonni\u00e8re-1953.jpg\" alt=\"\" width=\"640\" height=\"517\" \/><\/a><br \/>\n\u00c9mile B. <em>Buissonni\u00e8re<\/em>, aquarelle, 1953, 23 x 28 cm. S\u00e9choir \u00e0 noix, four \u00e0 pain, ferme Rosier, hameau de Buissonni\u00e8re, Vinay, Is\u00e8re. Coll. JLggB. <a href=\"https:\/\/jlggb.net\/blog2\/wp-content\/uploads\/2011\/01\/buissonniere-1953-hd.jpg\" target=\"_blank\" data-rel=\"lightbox-image-1\" data-imagelightbox=\"1\" data-rl_title=\"\" data-rl_caption=\"\" title=\"\">Version HD ici<\/a>.<\/p>\n<p><a href=\"https:\/\/jlggb.net\/blog2\/wp-content\/uploads\/2011\/01\/noix-polienas.jpg\" data-rel=\"lightbox-image-2\" data-imagelightbox=\"2\" data-rl_title=\"\" data-rl_caption=\"\"><img loading=\"lazy\" decoding=\"async\" class=\"alignnone size-full wp-image-3767\" title=\"\" src=\"https:\/\/jlggb.net\/blog2\/wp-content\/uploads\/2011\/01\/noix-polienas.jpg\" alt=\"\" width=\"640\" height=\"480\" srcset=\"https:\/\/jlggb.net\/blog2\/wp-content\/uploads\/2011\/01\/noix-polienas.jpg 1280w, https:\/\/jlggb.net\/blog2\/wp-content\/uploads\/2011\/01\/noix-polienas-300x225.jpg 300w, https:\/\/jlggb.net\/blog2\/wp-content\/uploads\/2011\/01\/noix-polienas-1024x768.jpg 1024w, https:\/\/jlggb.net\/blog2\/wp-content\/uploads\/2011\/01\/noix-polienas-150x112.jpg 150w\" sizes=\"auto, (max-width: 640px) 100vw, 640px\" \/><\/a><br \/>\nDimanche 9 janvier 2011, 20h, Aix-les-Bains, Nice-Savoie, noix de la r\u00e9colte 2010 \u00e0 Poli\u00e9nas (village voisin de Vinay), appellation \u00ab\u00a0Noix de Grenoble\u00a0\u00bb.<\/p>\n<p><a href=\"https:\/\/jlggb.net\/blog2\/wp-content\/uploads\/2011\/01\/vinay-cognin.jpg\" data-rel=\"lightbox-image-3\" data-imagelightbox=\"3\" data-rl_title=\"\" data-rl_caption=\"\"><img loading=\"lazy\" decoding=\"async\" class=\"alignnone size-full wp-image-3773\" title=\"\" src=\"https:\/\/jlggb.net\/blog2\/wp-content\/uploads\/2011\/01\/vinay-cognin.jpg\" alt=\"\" width=\"640\" height=\"479\" srcset=\"https:\/\/jlggb.net\/blog2\/wp-content\/uploads\/2011\/01\/vinay-cognin.jpg 1356w, https:\/\/jlggb.net\/blog2\/wp-content\/uploads\/2011\/01\/vinay-cognin-300x225.jpg 300w, https:\/\/jlggb.net\/blog2\/wp-content\/uploads\/2011\/01\/vinay-cognin-1024x768.jpg 1024w, https:\/\/jlggb.net\/blog2\/wp-content\/uploads\/2011\/01\/vinay-cognin-150x112.jpg 150w\" sizes=\"auto, (max-width: 640px) 100vw, 640px\" \/><\/a><br \/>\nVue a\u00e9rienne (Google Maps) autour de Buissonni\u00e8re, vall\u00e9e de l&rsquo;Is\u00e8re, plantations de noyers, 2010. On y voit trois fermes o\u00f9 j&rsquo;allais dans mon enfance.<\/p>\n","protected":false},"excerpt":{"rendered":"<p>\u00c9mile B. Buissonni\u00e8re, aquarelle, 1953, 23 x 28 cm. S\u00e9choir \u00e0 noix, four \u00e0 pain, ferme Rosier, hameau de Buissonni\u00e8re, Vinay, Is\u00e8re. Coll. JLggB. Version HD ici. Dimanche 9 janvier 2011, 20h, Aix-les-Bains, Nice-Savoie, noix de la r\u00e9colte 2010 \u00e0 Poli\u00e9nas (village voisin de Vinay), appellation \u00ab\u00a0Noix de Grenoble\u00a0\u00bb. Vue a\u00e9rienne (Google Maps) autour de &hellip; <a href=\"https:\/\/jlggb.net\/blog2\/?p=3763\" class=\"more-link\">Continuer la lecture de <span class=\"screen-reader-text\">Notre s\u00e9choir \u00e0 noix<\/span><\/a><\/p>\n","protected":false},"author":2,"featured_media":0,"comment_status":"closed","ping_status":"closed","sticky":false,"template":"","format":"standard","meta":{"footnotes":""},"categories":[74,205,211],"tags":[544,545,543],"class_list":["post-3763","post","type-post","status-publish","format-standard","hentry","category-monument","category-peinture","category-vue","tag-aquarelle","tag-noix","tag-vinay"],"_links":{"self":[{"href":"https:\/\/jlggb.net\/blog2\/index.php?rest_route=\/wp\/v2\/posts\/3763","targetHints":{"allow":["GET"]}}],"collection":[{"href":"https:\/\/jlggb.net\/blog2\/index.php?rest_route=\/wp\/v2\/posts"}],"about":[{"href":"https:\/\/jlggb.net\/blog2\/index.php?rest_route=\/wp\/v2\/types\/post"}],"author":[{"embeddable":true,"href":"https:\/\/jlggb.net\/blog2\/index.php?rest_route=\/wp\/v2\/users\/2"}],"replies":[{"embeddable":true,"href":"https:\/\/jlggb.net\/blog2\/index.php?rest_route=%2Fwp%2Fv2%2Fcomments&post=3763"}],"version-history":[{"count":0,"href":"https:\/\/jlggb.net\/blog2\/index.php?rest_route=\/wp\/v2\/posts\/3763\/revisions"}],"wp:attachment":[{"href":"https:\/\/jlggb.net\/blog2\/index.php?rest_route=%2Fwp%2Fv2%2Fmedia&parent=3763"}],"wp:term":[{"taxonomy":"category","embeddable":true,"href":"https:\/\/jlggb.net\/blog2\/index.php?rest_route=%2Fwp%2Fv2%2Fcategories&post=3763"},{"taxonomy":"post_tag","embeddable":true,"href":"https:\/\/jlggb.net\/blog2\/index.php?rest_route=%2Fwp%2Fv2%2Ftags&post=3763"}],"curies":[{"name":"wp","href":"https:\/\/api.w.org\/{rel}","templated":true}]}}