{"id":3634,"date":"2010-12-28T17:00:50","date_gmt":"2010-12-28T12:00:50","guid":{"rendered":"http:\/\/jlggb.net\/blog2\/?p=3634"},"modified":"2024-10-16T10:04:11","modified_gmt":"2024-10-16T09:04:11","slug":"ceci-nest-pas-une-boutique-orange","status":"publish","type":"post","link":"https:\/\/jlggb.net\/blog2\/?p=3634","title":{"rendered":"Ceci n&rsquo;est pas une boutique Orange"},"content":{"rendered":"<p><a href=\"https:\/\/jlggb.net\/blog2\/wp-content\/uploads\/2010\/12\/orange-fbg-st-antoine.jpg\" data-rel=\"lightbox-image-0\" data-imagelightbox=\"0\" data-rl_title=\"\" data-rl_caption=\"\"><img loading=\"lazy\" decoding=\"async\" class=\"alignnone size-full wp-image-3635\" title=\"\" src=\"https:\/\/jlggb.net\/blog2\/wp-content\/uploads\/2010\/12\/orange-fbg-st-antoine.jpg\" alt=\"\" width=\"640\" height=\"480\" srcset=\"https:\/\/jlggb.net\/blog2\/wp-content\/uploads\/2010\/12\/orange-fbg-st-antoine.jpg 1280w, https:\/\/jlggb.net\/blog2\/wp-content\/uploads\/2010\/12\/orange-fbg-st-antoine-300x225.jpg 300w, https:\/\/jlggb.net\/blog2\/wp-content\/uploads\/2010\/12\/orange-fbg-st-antoine-1024x768.jpg 1024w, https:\/\/jlggb.net\/blog2\/wp-content\/uploads\/2010\/12\/orange-fbg-st-antoine-150x112.jpg 150w\" sizes=\"auto, (max-width: 640px) 100vw, 640px\" \/><\/a><br \/>\nMardi 28 d\u00e9cembre 2010, 14h30, rue du Faubourg Saint-Antoine, Paris 12e. Cette inconnue (v\u00eatue de noir, comme il se doit pour aller avec l&rsquo;orange) qui rentre innocemment, c&rsquo;est l&rsquo;une des suites de mon feuilleton marqu\u00e9 \u00e0 l&rsquo;adr\u00e9naline et aux pouss\u00e9es de p\u00e9dagogie citoyenne. On en avait eu un avant-go\u00fbt \u00e0 Aix-les-Bains o\u00f9, dans la boutique \u2014\u00a0on pourrait dire dans le<em> flagship\u00a0store<\/em> de l&rsquo;ancienne capitale du thermalisme \u2014 Orange, en s&rsquo;entendant r\u00e9pondre, par un vendeur au teeshirt orange barr\u00e9 du mot Orange&nbsp;: \u00ab\u00a0alors, pour \u00e7a, il faut s&rsquo;adresser \u00e0 Orange&nbsp;! \u00bb.<br \/>\nLa terre enti\u00e8re ne pense qu&rsquo;aux t\u00e9l\u00e9phones (et \u00e9ventuellement aux iPhones). Ce n&rsquo;est pas pour \u00e7a qu&rsquo;un po\u00e8te r\u00e9volutionnaire d\u00e9clara \u00ab\u00a0La terre est bleue, comme une orange \u00bb. Michel Deguy nous a expliqu\u00e9 que le mot important ici c&rsquo;est&nbsp;: <em>comme<\/em>&nbsp;; la terre est bleue comme une orange est orange. La m\u00eame ann\u00e9e (1929), un peintre, pas moins r\u00e9volutionnaire, \u00e9crivit&nbsp;: \u00ab\u00a0Ceci n&rsquo;est pas une pipe\u00a0\u00bb. Mais au moins, il y avait un dessin, et ce n&rsquo;\u00e9tait qu&rsquo;une mise en cause de la repr\u00e9sentation, pas celle des mots. Au bord gauche de l&rsquo;affiche qui vante la formule \u00ab\u00a0Open \u00bb, celle qui enferme tous les services d&rsquo;Orange \u2014\u00a0t\u00e9l\u00e9phone, internet, t\u00e9l\u00e9vision \u2014\u00a0dans un m\u00eame contrat, on aper\u00e7oit sur ma photo l&rsquo;amorce \u00ab\u00a0ph&#8230;\u00a0\u00bb, de Photo Service. Ces magasins, devant le d\u00e9clin de la photo, s&rsquo;\u00e9taient d&rsquo;abord mis aux <em>services<\/em>&nbsp;: doubles de cl\u00e9s, etc. Ils auraient pu attendre le retour des images saisies \u2014\u00a0\u00e0 tirer quand m\u00eame\u00a0\u2014, mais ils sentaient peut-\u00eatre qu&rsquo;elles reviendraient massivement avec les t\u00e9l\u00e9phones. Toujours est-il que ce magasin l\u00e0 non plus n&rsquo;est pas la maison Orange. La preuve&nbsp;: si on assure son t\u00e9l\u00e9phone, on se retrouve avec un contrat qui ressemble \u00e0 celui d&rsquo;Orange, mais en plus \u00ab\u00a0voyou \u00bb encore (cf. l&rsquo;article du <em>Monde<\/em> du 9 d\u00e9cembre 2010, \u00ab\u00a0Assurer son t\u00e9l\u00e9phone portable \u00bb, qui rapporte les propos de Laurent Courtin, directeur commercial de SPB, qui con\u00e7oit les assurances de la plupart des marques&nbsp;: \u00ab\u00a0ce sont des produits de voyous \u00bb). Je n&rsquo;entre pas dans les d\u00e9tails de la comparaison entre l&rsquo;assurance du \u00ab\u00a0franchis\u00e9 \u00bb Photo Service et celle de la maison m\u00e8re France Telecom (sans accent, s&rsquo;il vous pla\u00eet), qui r\u00e9v\u00e8lerait d&rsquo;abord la sournoiserie d&rsquo;Orange. Dans un autre magasin, du c\u00f4t\u00e9 des Grands Magasins, je me suis fendu ce matin-m\u00eame d&rsquo;un cours de fran\u00e7ais aupr\u00e8s de trois Chinoises qui, au demeurant, \u00e9tant immigr\u00e9es \u00e0 Paris, parlaient tr\u00e8s bien le fran\u00e7ais. Non, il s&rsquo;agissait d&rsquo;apprendre \u00e0 mentir, ou bien \u00e0 Orange et \u00e0 ses assureurs, ou bien \u00e0 la police. Les contrats parlent de \u00ab vol avec effraction\u00a0\u00bb, de \u00ab vol \u00e0 la tire \u00bb, de \u00ab\u00a0vol avec agression \u00bb, mais l&rsquo;expression \u00ab\u00a0vol \u00e0 l&rsquo;arrach\u00e9 \u00bb qui est employ\u00e9e par la police pour d\u00e9crire le <em>modus operandi<\/em> le plus fr\u00e9quent des milliers de vols de <em>mobiles<\/em>, n&rsquo;y figure pas. Il faudrait \u00eatre bless\u00e9, avoir deux t\u00e9moins&nbsp;: ce n&rsquo;est jamais le cas avec l&rsquo;habilet\u00e9 prodigieuse des duos de pourvoyeurs des lignes 13 ou 2, par exemple \u2014 voir le <a href=\"https:\/\/jlggb.net\/blog2\/?p=3414\" target=\"_self\" rel=\"noopener\">billet du 8 d\u00e9cembre 2010, \u00ab\u00a0La disparition\u00a0\u00bb<\/a>.<\/p>\n<p>REMARQUES&nbsp;:<\/p>\n<p>1. On appr\u00e9cie d&rsquo;autant plus la <a href=\"https:\/\/jlggb.net\/blog2\/?p=3132\" target=\"_self\" rel=\"noopener\">\u00ab mercerie verte \u00bb<\/a> du 14 octobre 2010.<\/p>\n<p>2. Ce billet ressemble \u00e0 un vrai <em>post<\/em> de blog (\u00e0 la fran\u00e7aise).<\/p><\/blockquote>\n","protected":false},"excerpt":{"rendered":"<p>Mardi 28 d\u00e9cembre 2010, 14h30, rue du Faubourg Saint-Antoine, Paris 12e. Cette inconnue (v\u00eatue de noir, comme il se doit pour aller avec l&rsquo;orange) qui rentre innocemment, c&rsquo;est l&rsquo;une des suites de mon feuilleton marqu\u00e9 \u00e0 l&rsquo;adr\u00e9naline et aux pouss\u00e9es de p\u00e9dagogie citoyenne. On en avait eu un avant-go\u00fbt \u00e0 Aix-les-Bains o\u00f9, dans la boutique &hellip; <a href=\"https:\/\/jlggb.net\/blog2\/?p=3634\" class=\"more-link\">Continuer la lecture de <span class=\"screen-reader-text\">Ceci n&rsquo;est pas une boutique Orange<\/span><\/a><\/p>\n","protected":false},"author":2,"featured_media":0,"comment_status":"closed","ping_status":"closed","sticky":false,"template":"","format":"standard","meta":{"footnotes":""},"categories":[31,166,52,35],"tags":[526,527,503],"class_list":["post-3634","post","type-post","status-publish","format-standard","hentry","category-coincidence","category-couleur","category-enseigne","category-langage","tag-commerce","tag-telephone-mobile","tag-vol"],"_links":{"self":[{"href":"https:\/\/jlggb.net\/blog2\/index.php?rest_route=\/wp\/v2\/posts\/3634","targetHints":{"allow":["GET"]}}],"collection":[{"href":"https:\/\/jlggb.net\/blog2\/index.php?rest_route=\/wp\/v2\/posts"}],"about":[{"href":"https:\/\/jlggb.net\/blog2\/index.php?rest_route=\/wp\/v2\/types\/post"}],"author":[{"embeddable":true,"href":"https:\/\/jlggb.net\/blog2\/index.php?rest_route=\/wp\/v2\/users\/2"}],"replies":[{"embeddable":true,"href":"https:\/\/jlggb.net\/blog2\/index.php?rest_route=%2Fwp%2Fv2%2Fcomments&post=3634"}],"version-history":[{"count":1,"href":"https:\/\/jlggb.net\/blog2\/index.php?rest_route=\/wp\/v2\/posts\/3634\/revisions"}],"predecessor-version":[{"id":8501,"href":"https:\/\/jlggb.net\/blog2\/index.php?rest_route=\/wp\/v2\/posts\/3634\/revisions\/8501"}],"wp:attachment":[{"href":"https:\/\/jlggb.net\/blog2\/index.php?rest_route=%2Fwp%2Fv2%2Fmedia&parent=3634"}],"wp:term":[{"taxonomy":"category","embeddable":true,"href":"https:\/\/jlggb.net\/blog2\/index.php?rest_route=%2Fwp%2Fv2%2Fcategories&post=3634"},{"taxonomy":"post_tag","embeddable":true,"href":"https:\/\/jlggb.net\/blog2\/index.php?rest_route=%2Fwp%2Fv2%2Ftags&post=3634"}],"curies":[{"name":"wp","href":"https:\/\/api.w.org\/{rel}","templated":true}]}}