{"id":3581,"date":"2010-12-25T16:00:07","date_gmt":"2010-12-25T11:00:07","guid":{"rendered":"http:\/\/jlggb.net\/blog2\/?p=3581"},"modified":"2010-12-29T20:21:23","modified_gmt":"2010-12-29T15:21:23","slug":"foyer-de-travailleurs-suite","status":"publish","type":"post","link":"https:\/\/jlggb.net\/blog2\/?p=3581","title":{"rendered":"Foyer de travailleurs (suite)"},"content":{"rendered":"<p><a href=\"https:\/\/jlggb.net\/blog2\/wp-content\/uploads\/2010\/12\/foyer-diderot-2010-12.jpg\" data-rel=\"lightbox-image-0\" data-imagelightbox=\"0\" data-rl_title=\"\" data-rl_caption=\"\"><img loading=\"lazy\" decoding=\"async\" class=\"alignnone size-full wp-image-3582\" title=\"\" src=\"https:\/\/jlggb.net\/blog2\/wp-content\/uploads\/2010\/12\/foyer-diderot-2010-12.jpg\" alt=\"\" width=\"640\" height=\"480\" srcset=\"https:\/\/jlggb.net\/blog2\/wp-content\/uploads\/2010\/12\/foyer-diderot-2010-12.jpg 1280w, https:\/\/jlggb.net\/blog2\/wp-content\/uploads\/2010\/12\/foyer-diderot-2010-12-300x225.jpg 300w, https:\/\/jlggb.net\/blog2\/wp-content\/uploads\/2010\/12\/foyer-diderot-2010-12-1024x768.jpg 1024w, https:\/\/jlggb.net\/blog2\/wp-content\/uploads\/2010\/12\/foyer-diderot-2010-12-150x112.jpg 150w\" sizes=\"auto, (max-width: 640px) 100vw, 640px\" \/><\/a><br \/>\nSamedi 25 d\u00e9cembre 2010, 16h, 105 boulevard Diderot. Le foyer de jeunes travailleurs remarqu\u00e9 le 28 mai 2009 (<a href=\"http:\/\/jlggb.net\/blog\/?p=3538\" target=\"_self\">http:\/\/jlggb.net\/blog\/?p=3538<\/a>) a \u00e9t\u00e9 enti\u00e8rement vid\u00e9 et \u00ab\u00a0r\u00e9habilit\u00e9\u00a0\u00bb. Les fa\u00e7ades ont \u00e9t\u00e9 peintes de couleurs \u00ab\u00a0africaines\u00a0\u00bb \u2014\u00a0rouge, brun, vert, jaune, ce qui ent\u00e9rine l&rsquo;origine des habitants \u2014 avant d&rsquo;\u00eatre enserr\u00e9es de plaques m\u00e9talliques perfor\u00e9es.<\/p>\n","protected":false},"excerpt":{"rendered":"<p>Samedi 25 d\u00e9cembre 2010, 16h, 105 boulevard Diderot. Le foyer de jeunes travailleurs remarqu\u00e9 le 28 mai 2009 (http:\/\/jlggb.net\/blog\/?p=3538) a \u00e9t\u00e9 enti\u00e8rement vid\u00e9 et \u00ab\u00a0r\u00e9habilit\u00e9\u00a0\u00bb. Les fa\u00e7ades ont \u00e9t\u00e9 peintes de couleurs \u00ab\u00a0africaines\u00a0\u00bb \u2014\u00a0rouge, brun, vert, jaune, ce qui ent\u00e9rine l&rsquo;origine des habitants \u2014 avant d&rsquo;\u00eatre enserr\u00e9es de plaques m\u00e9talliques perfor\u00e9es.<\/p>\n","protected":false},"author":2,"featured_media":0,"comment_status":"closed","ping_status":"closed","sticky":false,"template":"","format":"standard","meta":{"footnotes":""},"categories":[45,166,17],"tags":[520,521,522],"class_list":["post-3581","post","type-post","status-publish","format-standard","hentry","category-architecture","category-couleur","category-observation","tag-habitat","tag-paris-12e","tag-renovation"],"_links":{"self":[{"href":"https:\/\/jlggb.net\/blog2\/index.php?rest_route=\/wp\/v2\/posts\/3581","targetHints":{"allow":["GET"]}}],"collection":[{"href":"https:\/\/jlggb.net\/blog2\/index.php?rest_route=\/wp\/v2\/posts"}],"about":[{"href":"https:\/\/jlggb.net\/blog2\/index.php?rest_route=\/wp\/v2\/types\/post"}],"author":[{"embeddable":true,"href":"https:\/\/jlggb.net\/blog2\/index.php?rest_route=\/wp\/v2\/users\/2"}],"replies":[{"embeddable":true,"href":"https:\/\/jlggb.net\/blog2\/index.php?rest_route=%2Fwp%2Fv2%2Fcomments&post=3581"}],"version-history":[{"count":0,"href":"https:\/\/jlggb.net\/blog2\/index.php?rest_route=\/wp\/v2\/posts\/3581\/revisions"}],"wp:attachment":[{"href":"https:\/\/jlggb.net\/blog2\/index.php?rest_route=%2Fwp%2Fv2%2Fmedia&parent=3581"}],"wp:term":[{"taxonomy":"category","embeddable":true,"href":"https:\/\/jlggb.net\/blog2\/index.php?rest_route=%2Fwp%2Fv2%2Fcategories&post=3581"},{"taxonomy":"post_tag","embeddable":true,"href":"https:\/\/jlggb.net\/blog2\/index.php?rest_route=%2Fwp%2Fv2%2Ftags&post=3581"}],"curies":[{"name":"wp","href":"https:\/\/api.w.org\/{rel}","templated":true}]}}