{"id":3499,"date":"2010-12-15T20:30:48","date_gmt":"2010-12-15T19:30:48","guid":{"rendered":"http:\/\/jlggb.net\/blog2\/?p=3499"},"modified":"2010-12-16T19:14:33","modified_gmt":"2010-12-16T18:14:33","slug":"nancy-huston","status":"publish","type":"post","link":"https:\/\/jlggb.net\/blog2\/?p=3499","title":{"rendered":"Nancy Huston"},"content":{"rendered":"<p><a href=\"https:\/\/jlggb.net\/blog2\/wp-content\/uploads\/2010\/12\/nancy-huston-head.jpg\" data-rel=\"lightbox-image-0\" data-imagelightbox=\"0\" data-rl_title=\"\" data-rl_caption=\"\"><img loading=\"lazy\" decoding=\"async\" class=\"alignnone size-full wp-image-3501\" title=\"\" src=\"https:\/\/jlggb.net\/blog2\/wp-content\/uploads\/2010\/12\/nancy-huston-head.jpg\" alt=\"\" width=\"640\" height=\"480\" srcset=\"https:\/\/jlggb.net\/blog2\/wp-content\/uploads\/2010\/12\/nancy-huston-head.jpg 1280w, https:\/\/jlggb.net\/blog2\/wp-content\/uploads\/2010\/12\/nancy-huston-head-300x225.jpg 300w, https:\/\/jlggb.net\/blog2\/wp-content\/uploads\/2010\/12\/nancy-huston-head-1024x768.jpg 1024w, https:\/\/jlggb.net\/blog2\/wp-content\/uploads\/2010\/12\/nancy-huston-head-150x112.jpg 150w\" sizes=\"auto, (max-width: 640px) 100vw, 640px\" \/><\/a><br \/>\nMercredi 15 d\u00e9cembre 2010, 20h30, auditoire de la HEAD, Gen\u00e8ve. Nancy Huston parle de son livre <em>L&rsquo;esp\u00e8ce fabulatrice<\/em>, de la fiction et du r\u00e9el.<\/p>\n<p style=\"text-align: center;\"><a href=\"https:\/\/jlggb.net\/blog2\/wp-content\/uploads\/2010\/12\/fabulatrice.jpg\" data-rel=\"lightbox-image-1\" data-imagelightbox=\"1\" data-rl_title=\"\" data-rl_caption=\"\"><img loading=\"lazy\" decoding=\"async\" class=\"aligncenter size-full wp-image-3507\" title=\"\" src=\"https:\/\/jlggb.net\/blog2\/wp-content\/uploads\/2010\/12\/fabulatrice.jpg\" alt=\"\" width=\"120\" height=\"228\" srcset=\"https:\/\/jlggb.net\/blog2\/wp-content\/uploads\/2010\/12\/fabulatrice.jpg 284w, https:\/\/jlggb.net\/blog2\/wp-content\/uploads\/2010\/12\/fabulatrice-158x300.jpg 158w, https:\/\/jlggb.net\/blog2\/wp-content\/uploads\/2010\/12\/fabulatrice-79x150.jpg 79w\" sizes=\"auto, (max-width: 120px) 100vw, 120px\" \/><\/a>Nancy Huston, <em>L&rsquo;esp\u00e8ce fabulatrice<\/em>, Actes Sud, 2008.<br \/>\n(Pas encore lu)<\/p>\n","protected":false},"excerpt":{"rendered":"<p>Mercredi 15 d\u00e9cembre 2010, 20h30, auditoire de la HEAD, Gen\u00e8ve. Nancy Huston parle de son livre L&rsquo;esp\u00e8ce fabulatrice, de la fiction et du r\u00e9el. Nancy Huston, L&rsquo;esp\u00e8ce fabulatrice, Actes Sud, 2008. (Pas encore lu)<\/p>\n","protected":false},"author":2,"featured_media":0,"comment_status":"closed","ping_status":"closed","sticky":false,"template":"","format":"standard","meta":{"footnotes":""},"categories":[11,30],"tags":[],"class_list":["post-3499","post","type-post","status-publish","format-standard","hentry","category-livre","category-personne"],"_links":{"self":[{"href":"https:\/\/jlggb.net\/blog2\/index.php?rest_route=\/wp\/v2\/posts\/3499","targetHints":{"allow":["GET"]}}],"collection":[{"href":"https:\/\/jlggb.net\/blog2\/index.php?rest_route=\/wp\/v2\/posts"}],"about":[{"href":"https:\/\/jlggb.net\/blog2\/index.php?rest_route=\/wp\/v2\/types\/post"}],"author":[{"embeddable":true,"href":"https:\/\/jlggb.net\/blog2\/index.php?rest_route=\/wp\/v2\/users\/2"}],"replies":[{"embeddable":true,"href":"https:\/\/jlggb.net\/blog2\/index.php?rest_route=%2Fwp%2Fv2%2Fcomments&post=3499"}],"version-history":[{"count":0,"href":"https:\/\/jlggb.net\/blog2\/index.php?rest_route=\/wp\/v2\/posts\/3499\/revisions"}],"wp:attachment":[{"href":"https:\/\/jlggb.net\/blog2\/index.php?rest_route=%2Fwp%2Fv2%2Fmedia&parent=3499"}],"wp:term":[{"taxonomy":"category","embeddable":true,"href":"https:\/\/jlggb.net\/blog2\/index.php?rest_route=%2Fwp%2Fv2%2Fcategories&post=3499"},{"taxonomy":"post_tag","embeddable":true,"href":"https:\/\/jlggb.net\/blog2\/index.php?rest_route=%2Fwp%2Fv2%2Ftags&post=3499"}],"curies":[{"name":"wp","href":"https:\/\/api.w.org\/{rel}","templated":true}]}}