{"id":3194,"date":"2010-11-07T15:30:28","date_gmt":"2010-11-07T14:30:28","guid":{"rendered":"http:\/\/jlggb.net\/blog2\/?p=3194"},"modified":"2010-11-07T20:04:31","modified_gmt":"2010-11-07T19:04:31","slug":"demontable","status":"publish","type":"post","link":"https:\/\/jlggb.net\/blog2\/?p=3194","title":{"rendered":"D\u00e9montable"},"content":{"rendered":"<p><a href=\"https:\/\/jlggb.net\/blog2\/wp-content\/uploads\/2010\/11\/prouv\u00e9-ferembal-1.jpg\" data-rel=\"lightbox-image-0\" data-imagelightbox=\"0\" data-rl_title=\"\" data-rl_caption=\"\"><img loading=\"lazy\" decoding=\"async\" class=\"alignnone size-full wp-image-3195\" title=\"\" src=\"https:\/\/jlggb.net\/blog2\/wp-content\/uploads\/2010\/11\/prouv\u00e9-ferembal-1.jpg\" alt=\"\" width=\"640\" height=\"480\" \/><\/a><br \/>\n<a href=\"https:\/\/jlggb.net\/blog2\/wp-content\/uploads\/2010\/11\/prouv\u00e9-ferembal-3.jpg\" data-rel=\"lightbox-image-1\" data-imagelightbox=\"1\" data-rl_title=\"\" data-rl_caption=\"\"><img loading=\"lazy\" decoding=\"async\" class=\"alignnone size-full wp-image-3196\" title=\"\" src=\"https:\/\/jlggb.net\/blog2\/wp-content\/uploads\/2010\/11\/prouv\u00e9-ferembal-3.jpg\" alt=\"\" width=\"640\" height=\"480\" \/><\/a><br \/>\nDimanche 7 novembre 2010, 15h30, Tuileries. La maison Ferembal (Nancy), d\u00e9montable et transportable, con\u00e7ue par Jean Prouv\u00e9 en 1948, adapt\u00e9e par Jean Nouvel, expos\u00e9e par la galerie Patrick Seguin.<\/p>\n","protected":false},"excerpt":{"rendered":"<p>Dimanche 7 novembre 2010, 15h30, Tuileries. La maison Ferembal (Nancy), d\u00e9montable et transportable, con\u00e7ue par Jean Prouv\u00e9 en 1948, adapt\u00e9e par Jean Nouvel, expos\u00e9e par la galerie Patrick Seguin.<\/p>\n","protected":false},"author":2,"featured_media":0,"comment_status":"closed","ping_status":"closed","sticky":false,"template":"","format":"standard","meta":{"footnotes":""},"categories":[45,50,74],"tags":[475,486],"class_list":["post-3194","post","type-post","status-publish","format-standard","hentry","category-architecture","category-design","category-monument","tag-maison","tag-prouve"],"_links":{"self":[{"href":"https:\/\/jlggb.net\/blog2\/index.php?rest_route=\/wp\/v2\/posts\/3194","targetHints":{"allow":["GET"]}}],"collection":[{"href":"https:\/\/jlggb.net\/blog2\/index.php?rest_route=\/wp\/v2\/posts"}],"about":[{"href":"https:\/\/jlggb.net\/blog2\/index.php?rest_route=\/wp\/v2\/types\/post"}],"author":[{"embeddable":true,"href":"https:\/\/jlggb.net\/blog2\/index.php?rest_route=\/wp\/v2\/users\/2"}],"replies":[{"embeddable":true,"href":"https:\/\/jlggb.net\/blog2\/index.php?rest_route=%2Fwp%2Fv2%2Fcomments&post=3194"}],"version-history":[{"count":0,"href":"https:\/\/jlggb.net\/blog2\/index.php?rest_route=\/wp\/v2\/posts\/3194\/revisions"}],"wp:attachment":[{"href":"https:\/\/jlggb.net\/blog2\/index.php?rest_route=%2Fwp%2Fv2%2Fmedia&parent=3194"}],"wp:term":[{"taxonomy":"category","embeddable":true,"href":"https:\/\/jlggb.net\/blog2\/index.php?rest_route=%2Fwp%2Fv2%2Fcategories&post=3194"},{"taxonomy":"post_tag","embeddable":true,"href":"https:\/\/jlggb.net\/blog2\/index.php?rest_route=%2Fwp%2Fv2%2Ftags&post=3194"}],"curies":[{"name":"wp","href":"https:\/\/api.w.org\/{rel}","templated":true}]}}