{"id":2954,"date":"2010-08-03T15:30:28","date_gmt":"2010-08-03T13:30:28","guid":{"rendered":"http:\/\/jlggb.net\/blog2\/?p=2954"},"modified":"2010-08-03T21:46:40","modified_gmt":"2010-08-03T19:46:40","slug":"vigilambule","status":"publish","type":"post","link":"https:\/\/jlggb.net\/blog2\/?p=2954","title":{"rendered":"Vigilambule"},"content":{"rendered":"<p><a href=\"https:\/\/jlggb.net\/blog2\/wp-content\/uploads\/2010\/08\/polygonum-2010.jpg\" data-rel=\"lightbox-image-0\" data-imagelightbox=\"0\" data-rl_title=\"\" data-rl_caption=\"\"><img loading=\"lazy\" decoding=\"async\" class=\"alignnone size-full wp-image-2955\" title=\"\" src=\"https:\/\/jlggb.net\/blog2\/wp-content\/uploads\/2010\/08\/polygonum-2010.jpg\" alt=\"\" width=\"640\" height=\"480\" srcset=\"https:\/\/jlggb.net\/blog2\/wp-content\/uploads\/2010\/08\/polygonum-2010.jpg 1280w, https:\/\/jlggb.net\/blog2\/wp-content\/uploads\/2010\/08\/polygonum-2010-300x225.jpg 300w, https:\/\/jlggb.net\/blog2\/wp-content\/uploads\/2010\/08\/polygonum-2010-1024x768.jpg 1024w, https:\/\/jlggb.net\/blog2\/wp-content\/uploads\/2010\/08\/polygonum-2010-150x112.jpg 150w\" sizes=\"auto, (max-width: 640px) 100vw, 640px\" \/><\/a><br \/>\nDans le billet <a href=\"http:\/\/jlggb.net\/blog\/?p=653\" target=\"_self\">\u00ab Plante somnambule \u00bb du 9 septembre 2008<\/a>, il \u00e9tait dit que le polygonum \u00e9tait associ\u00e9 pour moi au somnambule. L&rsquo;\u00ab \u00c9pilogue provisoire \u00bb ajout\u00e9 en 2009 a point\u00e9 son esprit subversif. Mardi 3 ao\u00fbt 2010 \u00e0 15h30, dans la haie qui cl\u00f4t Esquirol au nord-est, je remarque son \u00e9nergie vigilante et obstin\u00e9e qui le range du c\u00f4t\u00e9 du <em>vigilambule<\/em>.<\/p>\n","protected":false},"excerpt":{"rendered":"<p>Dans le billet \u00ab Plante somnambule \u00bb du 9 septembre 2008, il \u00e9tait dit que le polygonum \u00e9tait associ\u00e9 pour moi au somnambule. L&rsquo;\u00ab \u00c9pilogue provisoire \u00bb ajout\u00e9 en 2009 a point\u00e9 son esprit subversif. Mardi 3 ao\u00fbt 2010 \u00e0 15h30, dans la haie qui cl\u00f4t Esquirol au nord-est, je remarque son \u00e9nergie vigilante et &hellip; <a href=\"https:\/\/jlggb.net\/blog2\/?p=2954\" class=\"more-link\">Continuer la lecture de <span class=\"screen-reader-text\">Vigilambule<\/span><\/a><\/p>\n","protected":false},"author":2,"featured_media":0,"comment_status":"closed","ping_status":"closed","sticky":false,"template":"","format":"standard","meta":{"footnotes":""},"categories":[7,219],"tags":[445,457],"class_list":["post-2954","post","type-post","status-publish","format-standard","hentry","category-moment","category-plante","tag-hopital","tag-polygonum"],"_links":{"self":[{"href":"https:\/\/jlggb.net\/blog2\/index.php?rest_route=\/wp\/v2\/posts\/2954","targetHints":{"allow":["GET"]}}],"collection":[{"href":"https:\/\/jlggb.net\/blog2\/index.php?rest_route=\/wp\/v2\/posts"}],"about":[{"href":"https:\/\/jlggb.net\/blog2\/index.php?rest_route=\/wp\/v2\/types\/post"}],"author":[{"embeddable":true,"href":"https:\/\/jlggb.net\/blog2\/index.php?rest_route=\/wp\/v2\/users\/2"}],"replies":[{"embeddable":true,"href":"https:\/\/jlggb.net\/blog2\/index.php?rest_route=%2Fwp%2Fv2%2Fcomments&post=2954"}],"version-history":[{"count":0,"href":"https:\/\/jlggb.net\/blog2\/index.php?rest_route=\/wp\/v2\/posts\/2954\/revisions"}],"wp:attachment":[{"href":"https:\/\/jlggb.net\/blog2\/index.php?rest_route=%2Fwp%2Fv2%2Fmedia&parent=2954"}],"wp:term":[{"taxonomy":"category","embeddable":true,"href":"https:\/\/jlggb.net\/blog2\/index.php?rest_route=%2Fwp%2Fv2%2Fcategories&post=2954"},{"taxonomy":"post_tag","embeddable":true,"href":"https:\/\/jlggb.net\/blog2\/index.php?rest_route=%2Fwp%2Fv2%2Ftags&post=2954"}],"curies":[{"name":"wp","href":"https:\/\/api.w.org\/{rel}","templated":true}]}}