{"id":2830,"date":"2010-07-12T11:45:57","date_gmt":"2010-07-12T09:45:57","guid":{"rendered":"http:\/\/jlggb.net\/blog2\/?p=2830"},"modified":"2010-07-23T05:18:22","modified_gmt":"2010-07-23T03:18:22","slug":"la-fourche","status":"publish","type":"post","link":"https:\/\/jlggb.net\/blog2\/?p=2830","title":{"rendered":"La Fourche"},"content":{"rendered":"<p><a href=\"https:\/\/jlggb.net\/blog2\/wp-content\/uploads\/2010\/07\/LaFourche-enseigne.jpg\" data-rel=\"lightbox-image-0\" data-imagelightbox=\"0\" data-rl_title=\"\" data-rl_caption=\"\"><img loading=\"lazy\" decoding=\"async\" class=\"alignnone size-full wp-image-2832\" title=\"\" src=\"https:\/\/jlggb.net\/blog2\/wp-content\/uploads\/2010\/07\/LaFourche-enseigne.jpg\" alt=\"\" width=\"640\" height=\"480\" srcset=\"https:\/\/jlggb.net\/blog2\/wp-content\/uploads\/2010\/07\/LaFourche-enseigne.jpg 1280w, https:\/\/jlggb.net\/blog2\/wp-content\/uploads\/2010\/07\/LaFourche-enseigne-300x225.jpg 300w, https:\/\/jlggb.net\/blog2\/wp-content\/uploads\/2010\/07\/LaFourche-enseigne-1024x768.jpg 1024w, https:\/\/jlggb.net\/blog2\/wp-content\/uploads\/2010\/07\/LaFourche-enseigne-150x112.jpg 150w\" sizes=\"auto, (max-width: 640px) 100vw, 640px\" \/><\/a><a href=\"https:\/\/jlggb.net\/blog2\/wp-content\/uploads\/2010\/07\/LaFourche-personnages.jpg\" data-rel=\"lightbox-image-1\" data-imagelightbox=\"1\" data-rl_title=\"\" data-rl_caption=\"\"><img loading=\"lazy\" decoding=\"async\" class=\"alignnone size-full wp-image-2833\" title=\"\" src=\"https:\/\/jlggb.net\/blog2\/wp-content\/uploads\/2010\/07\/LaFourche-personnages.jpg\" alt=\"\" width=\"640\" height=\"480\" srcset=\"https:\/\/jlggb.net\/blog2\/wp-content\/uploads\/2010\/07\/LaFourche-personnages.jpg 1280w, https:\/\/jlggb.net\/blog2\/wp-content\/uploads\/2010\/07\/LaFourche-personnages-300x225.jpg 300w, https:\/\/jlggb.net\/blog2\/wp-content\/uploads\/2010\/07\/LaFourche-personnages-1024x768.jpg 1024w, https:\/\/jlggb.net\/blog2\/wp-content\/uploads\/2010\/07\/LaFourche-personnages-150x112.jpg 150w\" sizes=\"auto, (max-width: 640px) 100vw, 640px\" \/><\/a><br \/>\nLundi 12 juillet 2010, 11h45. \u00c0 la faveur d&rsquo;une erreur (pour la premi\u00e8re fois depuis 30 ans, j&rsquo;ai pris le train pour Asni\u00e8res au lieu de celui pour Saint-Denis, au del\u00e0 de La Fourche), je me trouve sur ce quai de la station La Fourche en direction de Saint-Denis ou bien d&rsquo;Asni\u00e8res. Sur l&rsquo;autre quai, vers Saint-Lazare, ne passent que les trains venant  d&rsquo;Asni\u00e8res. Cette station tr\u00e8s sp\u00e9ciale, o\u00f9 se joue une bifurcation, comporte donc aussi, en dessous, un quai unique vers Saint-Lazare, pour les trains venant de Saint-Denis. La station La Fourche \u00e9tait \u00ab carross\u00e9e \u00bb depuis les ann\u00e9es 60. Sa  r\u00e9novation lui redonne son style historique de \u00ab Ligne Nord-Sud \u00bb (dans la frise ocre, le monogramme NS), de 1911-1912, avec des carreaux faisant enseigne provenant de la Fa\u00efencerie de Gien. Il faut dire que cette station a un beau nom, qu&rsquo;elle donne \u00e0 exp\u00e9rimenter le concept pr\u00e9cieux de <em>bifurcation \u2014 <\/em>avec le plaisir d&rsquo;entendre&nbsp;: \u00ab Attention. Ce train est en direction de Saint-Denis \u00bb.<\/p>\n<p>Documents&nbsp;: <a href=\"http:\/\/www.martingautron.com\/blog\/2009\/02\/liste-stations-ligne-13\/\" target=\"_blank\">http:\/\/www.martingautron.com\/blog\/2009\/02\/liste-stations-ligne-13\/<\/a><br \/>\nSur la ligne 13, voir \u00ab\u00a0L&rsquo;art de la m\u00e9moire\u00a0\u00bb du 28 janvier 2010&nbsp;: <a href=\"https:\/\/jlggb.net\/blog2\/?p=902\" target=\"_self\">https:\/\/jlggb.net\/blog2\/?p=902<\/a>.<\/p>\n","protected":false},"excerpt":{"rendered":"<p>Lundi 12 juillet 2010, 11h45. \u00c0 la faveur d&rsquo;une erreur (pour la premi\u00e8re fois depuis 30 ans, j&rsquo;ai pris le train pour Asni\u00e8res au lieu de celui pour Saint-Denis, au del\u00e0 de La Fourche), je me trouve sur ce quai de la station La Fourche en direction de Saint-Denis ou bien d&rsquo;Asni\u00e8res. Sur l&rsquo;autre quai, &hellip; <a href=\"https:\/\/jlggb.net\/blog2\/?p=2830\" class=\"more-link\">Continuer la lecture de <span class=\"screen-reader-text\">La Fourche<\/span><\/a><\/p>\n","protected":false},"author":2,"featured_media":0,"comment_status":"closed","ping_status":"closed","sticky":false,"template":"","format":"standard","meta":{"footnotes":""},"categories":[51,52,57,35,90,10],"tags":[436,435,193,230],"class_list":["post-2830","post","type-post","status-publish","format-standard","hentry","category-decor","category-enseigne","category-histoire","category-langage","category-transport","category-typographie","tag-bifurcation","tag-la-fourche","tag-metro","tag-paris"],"_links":{"self":[{"href":"https:\/\/jlggb.net\/blog2\/index.php?rest_route=\/wp\/v2\/posts\/2830","targetHints":{"allow":["GET"]}}],"collection":[{"href":"https:\/\/jlggb.net\/blog2\/index.php?rest_route=\/wp\/v2\/posts"}],"about":[{"href":"https:\/\/jlggb.net\/blog2\/index.php?rest_route=\/wp\/v2\/types\/post"}],"author":[{"embeddable":true,"href":"https:\/\/jlggb.net\/blog2\/index.php?rest_route=\/wp\/v2\/users\/2"}],"replies":[{"embeddable":true,"href":"https:\/\/jlggb.net\/blog2\/index.php?rest_route=%2Fwp%2Fv2%2Fcomments&post=2830"}],"version-history":[{"count":0,"href":"https:\/\/jlggb.net\/blog2\/index.php?rest_route=\/wp\/v2\/posts\/2830\/revisions"}],"wp:attachment":[{"href":"https:\/\/jlggb.net\/blog2\/index.php?rest_route=%2Fwp%2Fv2%2Fmedia&parent=2830"}],"wp:term":[{"taxonomy":"category","embeddable":true,"href":"https:\/\/jlggb.net\/blog2\/index.php?rest_route=%2Fwp%2Fv2%2Fcategories&post=2830"},{"taxonomy":"post_tag","embeddable":true,"href":"https:\/\/jlggb.net\/blog2\/index.php?rest_route=%2Fwp%2Fv2%2Ftags&post=2830"}],"curies":[{"name":"wp","href":"https:\/\/api.w.org\/{rel}","templated":true}]}}