{"id":2822,"date":"2010-07-10T18:00:35","date_gmt":"2010-07-10T16:00:35","guid":{"rendered":"http:\/\/jlggb.net\/blog2\/?p=2822"},"modified":"2010-07-11T09:01:09","modified_gmt":"2010-07-11T07:01:09","slug":"un-vieux-tilleul","status":"publish","type":"post","link":"https:\/\/jlggb.net\/blog2\/?p=2822","title":{"rendered":"Un vieux tilleul"},"content":{"rendered":"<p><a href=\"https:\/\/jlggb.net\/blog2\/wp-content\/uploads\/2010\/07\/tilleul-salette.jpg\" data-rel=\"lightbox-image-0\" data-imagelightbox=\"0\" data-rl_title=\"\" data-rl_caption=\"\"><img loading=\"lazy\" decoding=\"async\" class=\"alignnone size-full wp-image-2823\" title=\"\" src=\"https:\/\/jlggb.net\/blog2\/wp-content\/uploads\/2010\/07\/tilleul-salette.jpg\" alt=\"\" width=\"640\" height=\"480\" srcset=\"https:\/\/jlggb.net\/blog2\/wp-content\/uploads\/2010\/07\/tilleul-salette.jpg 1280w, https:\/\/jlggb.net\/blog2\/wp-content\/uploads\/2010\/07\/tilleul-salette-300x225.jpg 300w, https:\/\/jlggb.net\/blog2\/wp-content\/uploads\/2010\/07\/tilleul-salette-1024x768.jpg 1024w, https:\/\/jlggb.net\/blog2\/wp-content\/uploads\/2010\/07\/tilleul-salette-150x112.jpg 150w\" sizes=\"auto, (max-width: 640px) 100vw, 640px\" \/><\/a><br \/>\nSamedi 10 juillet 2010, 17h-18h, route du col de Sapeney, pr\u00e8s de Cessens. Plusieurs tilleuls tr\u00e8s grands (tr\u00e8s vieux), dont celui-ci.<\/p>\n<p><a href=\"https:\/\/jlggb.net\/blog2\/wp-content\/uploads\/2010\/07\/salette-earth-1.jpg\" data-rel=\"lightbox-image-1\" data-imagelightbox=\"1\" data-rl_title=\"\" data-rl_caption=\"\"><img loading=\"lazy\" decoding=\"async\" class=\"alignnone size-full wp-image-2825\" title=\"\" src=\"https:\/\/jlggb.net\/blog2\/wp-content\/uploads\/2010\/07\/salette-earth-1.jpg\" alt=\"\" width=\"640\" height=\"319\" srcset=\"https:\/\/jlggb.net\/blog2\/wp-content\/uploads\/2010\/07\/salette-earth-1.jpg 1729w, https:\/\/jlggb.net\/blog2\/wp-content\/uploads\/2010\/07\/salette-earth-1-300x149.jpg 300w, https:\/\/jlggb.net\/blog2\/wp-content\/uploads\/2010\/07\/salette-earth-1-1023x511.jpg 1023w, https:\/\/jlggb.net\/blog2\/wp-content\/uploads\/2010\/07\/salette-earth-1-150x74.jpg 150w\" sizes=\"auto, (max-width: 640px) 100vw, 640px\" \/><\/a><br \/>\nSon emplacement, entre le Lac du Bourget et l&rsquo;Albanais. Lien&nbsp;: <a href=\"http:\/\/maps.google.fr\/maps?f=q&amp;source=s_q&amp;hl=fr&amp;geocode=&amp;q=Cessens&amp;sll=40.597271,-49.262695&amp;sspn=14.752315,29.553223&amp;ie=UTF8&amp;hq=&amp;hnear=Cessens,+Savoie,+Rh%C3%B4ne-Alpes&amp;ll=45.798274,5.876387&amp;spn=0.001655,0.003608&amp;t=k&amp;z=19\" target=\"_blank\">http:\/\/maps.google.fr\/maps?f=q&amp;source=s_q&amp;hl=fr&amp;geocode=&amp;q=Cessens&amp;sll=40.597271,-49.262695&amp;sspn=14.752315,29.553223&amp;ie=UTF8&amp;hq=&amp;hnear=Cessens,+Savoie,+Rh%C3%B4ne-Alpes&amp;ll=45.798274,5.876387&amp;spn=0.001655,0.003608&amp;t=k&amp;z=19<\/a><\/p>\n","protected":false},"excerpt":{"rendered":"<p>Samedi 10 juillet 2010, 17h-18h, route du col de Sapeney, pr\u00e8s de Cessens. Plusieurs tilleuls tr\u00e8s grands (tr\u00e8s vieux), dont celui-ci. Son emplacement, entre le Lac du Bourget et l&rsquo;Albanais. Lien&nbsp;: http:\/\/maps.google.fr\/maps?f=q&amp;source=s_q&amp;hl=fr&amp;geocode=&amp;q=Cessens&amp;sll=40.597271,-49.262695&amp;sspn=14.752315,29.553223&amp;ie=UTF8&amp;hq=&amp;hnear=Cessens,+Savoie,+Rh%C3%B4ne-Alpes&amp;ll=45.798274,5.876387&amp;spn=0.001655,0.003608&amp;t=k&amp;z=19<\/p>\n","protected":false},"author":2,"featured_media":0,"comment_status":"closed","ping_status":"closed","sticky":false,"template":"","format":"standard","meta":{"footnotes":""},"categories":[7,219],"tags":[434,155,433],"class_list":["post-2822","post","type-post","status-publish","format-standard","hentry","category-moment","category-plante","tag-sapeney","tag-savoie","tag-tilleul"],"_links":{"self":[{"href":"https:\/\/jlggb.net\/blog2\/index.php?rest_route=\/wp\/v2\/posts\/2822","targetHints":{"allow":["GET"]}}],"collection":[{"href":"https:\/\/jlggb.net\/blog2\/index.php?rest_route=\/wp\/v2\/posts"}],"about":[{"href":"https:\/\/jlggb.net\/blog2\/index.php?rest_route=\/wp\/v2\/types\/post"}],"author":[{"embeddable":true,"href":"https:\/\/jlggb.net\/blog2\/index.php?rest_route=\/wp\/v2\/users\/2"}],"replies":[{"embeddable":true,"href":"https:\/\/jlggb.net\/blog2\/index.php?rest_route=%2Fwp%2Fv2%2Fcomments&post=2822"}],"version-history":[{"count":0,"href":"https:\/\/jlggb.net\/blog2\/index.php?rest_route=\/wp\/v2\/posts\/2822\/revisions"}],"wp:attachment":[{"href":"https:\/\/jlggb.net\/blog2\/index.php?rest_route=%2Fwp%2Fv2%2Fmedia&parent=2822"}],"wp:term":[{"taxonomy":"category","embeddable":true,"href":"https:\/\/jlggb.net\/blog2\/index.php?rest_route=%2Fwp%2Fv2%2Fcategories&post=2822"},{"taxonomy":"post_tag","embeddable":true,"href":"https:\/\/jlggb.net\/blog2\/index.php?rest_route=%2Fwp%2Fv2%2Ftags&post=2822"}],"curies":[{"name":"wp","href":"https:\/\/api.w.org\/{rel}","templated":true}]}}