{"id":2820,"date":"2010-07-10T16:30:30","date_gmt":"2010-07-10T14:30:30","guid":{"rendered":"http:\/\/jlggb.net\/blog2\/?p=2820"},"modified":"2010-07-11T08:54:40","modified_gmt":"2010-07-11T06:54:40","slug":"vue-imprenable","status":"publish","type":"post","link":"https:\/\/jlggb.net\/blog2\/?p=2820","title":{"rendered":"Vue imprenable"},"content":{"rendered":"<p><a href=\"http:\/\/jlggb.net\/blog\/wp-content\/uploads\/2010\/07\/chambotte-mobilier.jpg\" data-rel=\"lightbox-image-0\" data-imagelightbox=\"0\" data-rl_title=\"\" data-rl_caption=\"\"><img loading=\"lazy\" decoding=\"async\" class=\"alignnone size-full wp-image-6979\" title=\"\" src=\"http:\/\/jlggb.net\/blog\/wp-content\/uploads\/2010\/07\/chambotte-mobilier.jpg\" alt=\"\" width=\"640\" height=\"480\" \/><\/a><br \/>\n<a href=\"http:\/\/jlggb.net\/blog\/wp-content\/uploads\/2010\/07\/chambotte-salle.jpg\" data-rel=\"lightbox-image-1\" data-imagelightbox=\"1\" data-rl_title=\"\" data-rl_caption=\"\"><img loading=\"lazy\" decoding=\"async\" class=\"alignnone size-full wp-image-6980\" title=\"\" src=\"http:\/\/jlggb.net\/blog\/wp-content\/uploads\/2010\/07\/chambotte-salle.jpg\" alt=\"\" width=\"640\" height=\"480\" \/><\/a><br \/>\nSamedi 10 juillet 2010, 16h, caf\u00e9 et belv\u00e9d\u00e8re de La Chambotte, au dessus du Lac du Bourget. Comme pour beaucoup d&rsquo;endroits \u00e0 Aix-les-Bains, il y a ici une l\u00e9gende attach\u00e9e \u00e0 la visite de \u00ab t\u00eates couronn\u00e9es \u00bb et de pr\u00e9sidents, et en particulier \u00e0 celle de la Reine Victoria (1887). Il n&rsquo;y a pas si longtemps, on allait \u00e0 La Chambotte boire un th\u00e9 accompagn\u00e9 de scones. Ferm\u00e9, r\u00e9ouvert, le caf\u00e9 est menac\u00e9 d&rsquo;une r\u00e9novation qui pourrait \u00eatre dommageable, si l&rsquo;on voit le mobilier m\u00e9tallique remarquable (les tables, en particulier, d&rsquo;un minimalisme absolu, fix\u00e9es dans le ciment et au garde corps) ou encore la collection de chaises des salles-\u00e0-manger.<\/p>\n<p><a href=\"http:\/\/jlggb.net\/blog\/wp-content\/uploads\/2010\/07\/imprenable.jpg\" data-rel=\"lightbox-image-2\" data-imagelightbox=\"2\" data-rl_title=\"\" data-rl_caption=\"\"><img loading=\"lazy\" decoding=\"async\" class=\"alignnone size-full wp-image-6981\" title=\"\" src=\"http:\/\/jlggb.net\/blog\/wp-content\/uploads\/2010\/07\/imprenable.jpg\" alt=\"\" width=\"640\" height=\"480\" \/><\/a><br \/>\nLa pancarte et le d\u00e9pliant parlent d&rsquo;une \u00ab vue imprenable \u00bb. Faut-il entendre la difficult\u00e9 \u00e0 saisir le panorama&nbsp;? Tentative ici. Le vide, les distances a\u00e9riennes sont en effet imprenables.<\/p>\n<p><a href=\"http:\/\/jlggb.net\/blog\/wp-content\/uploads\/2010\/07\/chambotte-panorama-640.jpg\" data-rel=\"lightbox-image-3\" data-imagelightbox=\"3\" data-rl_title=\"\" data-rl_caption=\"\"><img loading=\"lazy\" decoding=\"async\" class=\"alignnone size-full wp-image-6982\" title=\"\" src=\"http:\/\/jlggb.net\/blog\/wp-content\/uploads\/2010\/07\/chambotte-panorama-640.jpg\" alt=\"\" width=\"640\" height=\"194\" \/><\/a><br \/>\nSamedi 10 juillet 2010, 16h30.<\/p>\n","protected":false},"excerpt":{"rendered":"<p>Samedi 10 juillet 2010, 16h, caf\u00e9 et belv\u00e9d\u00e8re de La Chambotte, au dessus du Lac du Bourget. Comme pour beaucoup d&rsquo;endroits \u00e0 Aix-les-Bains, il y a ici une l\u00e9gende attach\u00e9e \u00e0 la visite de \u00ab t\u00eates couronn\u00e9es \u00bb et de pr\u00e9sidents, et en particulier \u00e0 celle de la Reine Victoria (1887). Il n&rsquo;y a pas &hellip; <a href=\"https:\/\/jlggb.net\/blog2\/?p=2820\" class=\"more-link\">Continuer la lecture de <span class=\"screen-reader-text\">Vue imprenable<\/span><\/a><\/p>\n","protected":false},"author":2,"featured_media":0,"comment_status":"closed","ping_status":"closed","sticky":false,"template":"","format":"standard","meta":{"footnotes":""},"categories":[74,112,211],"tags":[146,917],"class_list":["post-2820","post","type-post","status-publish","format-standard","hentry","category-monument","category-photographie","category-vue","tag-lac-du-bourget","tag-panorama"],"_links":{"self":[{"href":"https:\/\/jlggb.net\/blog2\/index.php?rest_route=\/wp\/v2\/posts\/2820","targetHints":{"allow":["GET"]}}],"collection":[{"href":"https:\/\/jlggb.net\/blog2\/index.php?rest_route=\/wp\/v2\/posts"}],"about":[{"href":"https:\/\/jlggb.net\/blog2\/index.php?rest_route=\/wp\/v2\/types\/post"}],"author":[{"embeddable":true,"href":"https:\/\/jlggb.net\/blog2\/index.php?rest_route=\/wp\/v2\/users\/2"}],"replies":[{"embeddable":true,"href":"https:\/\/jlggb.net\/blog2\/index.php?rest_route=%2Fwp%2Fv2%2Fcomments&post=2820"}],"version-history":[{"count":0,"href":"https:\/\/jlggb.net\/blog2\/index.php?rest_route=\/wp\/v2\/posts\/2820\/revisions"}],"wp:attachment":[{"href":"https:\/\/jlggb.net\/blog2\/index.php?rest_route=%2Fwp%2Fv2%2Fmedia&parent=2820"}],"wp:term":[{"taxonomy":"category","embeddable":true,"href":"https:\/\/jlggb.net\/blog2\/index.php?rest_route=%2Fwp%2Fv2%2Fcategories&post=2820"},{"taxonomy":"post_tag","embeddable":true,"href":"https:\/\/jlggb.net\/blog2\/index.php?rest_route=%2Fwp%2Fv2%2Ftags&post=2820"}],"curies":[{"name":"wp","href":"https:\/\/api.w.org\/{rel}","templated":true}]}}