{"id":2731,"date":"2010-07-03T11:00:50","date_gmt":"2010-07-03T09:00:50","guid":{"rendered":"http:\/\/jlggb.net\/blog2\/?p=2731"},"modified":"2010-07-04T19:11:23","modified_gmt":"2010-07-04T17:11:23","slug":"opera-commercial-industriel-technologique-et-culturel","status":"publish","type":"post","link":"https:\/\/jlggb.net\/blog2\/?p=2731","title":{"rendered":"Op\u00e9ra (commercial, culturel, technologique, industriel, politique)"},"content":{"rendered":"<p><a href=\"https:\/\/jlggb.net\/blog2\/wp-content\/uploads\/2010\/07\/garde-corps.jpg\" data-rel=\"lightbox-image-0\" data-imagelightbox=\"0\" data-rl_title=\"\" data-rl_caption=\"\"><img loading=\"lazy\" decoding=\"async\" class=\"alignnone size-full wp-image-2730\" title=\"\" src=\"https:\/\/jlggb.net\/blog2\/wp-content\/uploads\/2010\/07\/garde-corps.jpg\" alt=\"\" width=\"640\" height=\"480\" srcset=\"https:\/\/jlggb.net\/blog2\/wp-content\/uploads\/2010\/07\/garde-corps.jpg 1280w, https:\/\/jlggb.net\/blog2\/wp-content\/uploads\/2010\/07\/garde-corps-300x225.jpg 300w, https:\/\/jlggb.net\/blog2\/wp-content\/uploads\/2010\/07\/garde-corps-1024x768.jpg 1024w, https:\/\/jlggb.net\/blog2\/wp-content\/uploads\/2010\/07\/garde-corps-150x112.jpg 150w\" sizes=\"auto, (max-width: 640px) 100vw, 640px\" \/><\/a><br \/>\n<a href=\"https:\/\/jlggb.net\/blog2\/wp-content\/uploads\/2010\/07\/apple-op\u00e9ra.jpg\" data-rel=\"lightbox-image-1\" data-imagelightbox=\"1\" data-rl_title=\"\" data-rl_caption=\"\"><img loading=\"lazy\" decoding=\"async\" class=\"alignnone size-full wp-image-2732\" title=\"\" src=\"https:\/\/jlggb.net\/blog2\/wp-content\/uploads\/2010\/07\/apple-op\u00e9ra.jpg\" alt=\"\" width=\"640\" height=\"480\" \/><\/a><br \/>\nSamedi 3 juillet 2010, 11h30, lors de l&rsquo;ouverture du magasin Apple derri\u00e8re l&rsquo;Op\u00e9ra, \u00e0 l&#8217;emplacement d&rsquo;une banque dont le d\u00e9cor a \u00e9t\u00e9 en grande partie conserv\u00e9. On voit dans ces photos une quarantaine de personnes portant le tee-shirt bleu des employ\u00e9s, et aussi une douzaine de personnes avec une casquette beige, une \u00e9quipe d&rsquo;interview et de tournage. Dehors, les client qui font la queue sous la pluie pour acheter les nouveaux appareils ont de grands parapluies noirs sigl\u00e9s Apple. Chaque client qui entre se voit \u00ab ovationn\u00e9 \u00bb et remettre une bo\u00eete en carton blanc contenant un tee-shirt gris marqu\u00e9 \u00ab Op\u00e9ra \u00bb \u2014 o\u00f9 l&rsquo;accent a la forme de la feuille de la pomme Apple. Il y a aussi quelques personnages connus de la t\u00e9l\u00e9vision et du spectacle. On apprendra que Steve Jobs est pass\u00e9 dans la soir\u00e9e.<\/p>\n<blockquote><p><object width=\"280\" height=\"182\"><param name=\"movie\" value=\"http:\/\/www.youtube.com\/v\/pCztH62alC4&amp;hl=fr_FR&amp;fs=1?rel=0\"><\/param><param name=\"allowFullScreen\" value=\"true\"><\/param><param name=\"allowscriptaccess\" value=\"always\"><\/param><embed src=\"http:\/\/www.youtube.com\/v\/pCztH62alC4&amp;hl=fr_FR&amp;fs=1?rel=0\" type=\"application\/x-shockwave-flash\" allowscriptaccess=\"always\" allowfullscreen=\"true\" width=\"280\" height=\"182\"><\/embed><\/object><br \/>\nUne vid\u00e9o faite au m\u00eame moment par un \u00ab fan \u00bb pour YouTube.<\/p><\/blockquote>\n","protected":false},"excerpt":{"rendered":"<p>Samedi 3 juillet 2010, 11h30, lors de l&rsquo;ouverture du magasin Apple derri\u00e8re l&rsquo;Op\u00e9ra, \u00e0 l&#8217;emplacement d&rsquo;une banque dont le d\u00e9cor a \u00e9t\u00e9 en grande partie conserv\u00e9. On voit dans ces photos une quarantaine de personnes portant le tee-shirt bleu des employ\u00e9s, et aussi une douzaine de personnes avec une casquette beige, une \u00e9quipe d&rsquo;interview et &hellip; <a href=\"https:\/\/jlggb.net\/blog2\/?p=2731\" class=\"more-link\">Continuer la lecture de <span class=\"screen-reader-text\">Op\u00e9ra (commercial, culturel, technologique, industriel, politique)<\/span><\/a><\/p>\n","protected":false},"author":2,"featured_media":0,"comment_status":"closed","ping_status":"closed","sticky":false,"template":"","format":"standard","meta":{"footnotes":""},"categories":[5,17],"tags":[427,428,230],"class_list":["post-2731","post","type-post","status-publish","format-standard","hentry","category-evenement","category-observation","tag-apple-store","tag-opera","tag-paris"],"_links":{"self":[{"href":"https:\/\/jlggb.net\/blog2\/index.php?rest_route=\/wp\/v2\/posts\/2731","targetHints":{"allow":["GET"]}}],"collection":[{"href":"https:\/\/jlggb.net\/blog2\/index.php?rest_route=\/wp\/v2\/posts"}],"about":[{"href":"https:\/\/jlggb.net\/blog2\/index.php?rest_route=\/wp\/v2\/types\/post"}],"author":[{"embeddable":true,"href":"https:\/\/jlggb.net\/blog2\/index.php?rest_route=\/wp\/v2\/users\/2"}],"replies":[{"embeddable":true,"href":"https:\/\/jlggb.net\/blog2\/index.php?rest_route=%2Fwp%2Fv2%2Fcomments&post=2731"}],"version-history":[{"count":0,"href":"https:\/\/jlggb.net\/blog2\/index.php?rest_route=\/wp\/v2\/posts\/2731\/revisions"}],"wp:attachment":[{"href":"https:\/\/jlggb.net\/blog2\/index.php?rest_route=%2Fwp%2Fv2%2Fmedia&parent=2731"}],"wp:term":[{"taxonomy":"category","embeddable":true,"href":"https:\/\/jlggb.net\/blog2\/index.php?rest_route=%2Fwp%2Fv2%2Fcategories&post=2731"},{"taxonomy":"post_tag","embeddable":true,"href":"https:\/\/jlggb.net\/blog2\/index.php?rest_route=%2Fwp%2Fv2%2Ftags&post=2731"}],"curies":[{"name":"wp","href":"https:\/\/api.w.org\/{rel}","templated":true}]}}