{"id":2722,"date":"2010-07-07T13:00:20","date_gmt":"2010-07-07T11:00:20","guid":{"rendered":"http:\/\/jlggb.net\/blog2\/?p=2722"},"modified":"2010-07-08T10:22:43","modified_gmt":"2010-07-08T08:22:43","slug":"restauration-a-la-nation","status":"publish","type":"post","link":"https:\/\/jlggb.net\/blog2\/?p=2722","title":{"rendered":"Restauration \u00e0 la Nation"},"content":{"rendered":"<p><a href=\"https:\/\/jlggb.net\/blog2\/wp-content\/uploads\/2010\/07\/metro-nation-new.jpg\" data-rel=\"lightbox-image-0\" data-imagelightbox=\"0\" data-rl_title=\"\" data-rl_caption=\"\"><img loading=\"lazy\" decoding=\"async\" class=\"alignnone size-full wp-image-2724\" title=\"\" src=\"https:\/\/jlggb.net\/blog2\/wp-content\/uploads\/2010\/07\/metro-nation-new.jpg\" alt=\"\" width=\"640\" height=\"480\" srcset=\"https:\/\/jlggb.net\/blog2\/wp-content\/uploads\/2010\/07\/metro-nation-new.jpg 1280w, https:\/\/jlggb.net\/blog2\/wp-content\/uploads\/2010\/07\/metro-nation-new-300x225.jpg 300w, https:\/\/jlggb.net\/blog2\/wp-content\/uploads\/2010\/07\/metro-nation-new-1024x768.jpg 1024w, https:\/\/jlggb.net\/blog2\/wp-content\/uploads\/2010\/07\/metro-nation-new-150x112.jpg 150w\" sizes=\"auto, (max-width: 640px) 100vw, 640px\" \/><\/a><br \/>\nJeudi 1er juillet, 14h52, m\u00e9tro Nation, Paris, grande chaleur, juste avant de monter dans le train. Depuis quelques mois le labyrinthe des lignes de m\u00e9tro sous la place de la Nation a connu une restauration, plus ou moins \u00e0 l&rsquo;identique \u2014 ou plut\u00f4t tendant \u00e0 faire dispara\u00eetre la r\u00e9novation optimiste des ann\u00e9es 70. Ici, la ligne N\u00b06 vue depuis la ligne N\u00b01. Les carreaux blancs de Boulenger (voir&nbsp;: <a href=\"http:\/\/www.boulenger.fr\/?#\/historique\/\" target=\"_blank\">http:\/\/www.boulenger.fr\/?#\/historique\/<\/a>) ont regagn\u00e9 le terrain pris par les carreaux oranges (Il aurait fallu les photographier, il faudrait chercher s&rsquo;il en reste une trace).<\/p>\n<p><a href=\"https:\/\/jlggb.net\/blog2\/wp-content\/uploads\/2010\/07\/m\u00e9tro-orange-2.jpg\" data-rel=\"lightbox-image-1\" data-imagelightbox=\"1\" data-rl_title=\"\" data-rl_caption=\"\"><img loading=\"lazy\" decoding=\"async\" class=\"alignnone size-full wp-image-2815\" title=\"\" src=\"https:\/\/jlggb.net\/blog2\/wp-content\/uploads\/2010\/07\/m\u00e9tro-orange-2.jpg\" alt=\"\" width=\"640\" height=\"480\" \/><\/a><br \/>\nSuite. Mercredi 7 juillet 2010, 13h 20, de nouveau, juste avant de monter dans le train pour la gare de Lyon (et Aix)&nbsp;: d\u00e9bouchant sur le quai de la ligne 1 \u00e0 Nation, un couloir et un escalier qui sont encore en orange. On note que ces carreaux oranges sont biseaut\u00e9s, de forme identique aux Boulenger blancs (bien que pos\u00e9s verticalement). Le vrai style 70 est incarn\u00e9 dans un grand carreau plat (\u00e0 suivre donc si on veut le montrer).<\/p>\n","protected":false},"excerpt":{"rendered":"<p>Jeudi 1er juillet, 14h52, m\u00e9tro Nation, Paris, grande chaleur, juste avant de monter dans le train. Depuis quelques mois le labyrinthe des lignes de m\u00e9tro sous la place de la Nation a connu une restauration, plus ou moins \u00e0 l&rsquo;identique \u2014 ou plut\u00f4t tendant \u00e0 faire dispara\u00eetre la r\u00e9novation optimiste des ann\u00e9es 70. Ici, la &hellip; <a href=\"https:\/\/jlggb.net\/blog2\/?p=2722\" class=\"more-link\">Continuer la lecture de <span class=\"screen-reader-text\">Restauration \u00e0 la Nation<\/span><\/a><\/p>\n","protected":false},"author":2,"featured_media":0,"comment_status":"closed","ping_status":"closed","sticky":false,"template":"","format":"standard","meta":{"footnotes":""},"categories":[166,51,57,17,90],"tags":[54,193,230],"class_list":["post-2722","post","type-post","status-publish","format-standard","hentry","category-couleur","category-decor","category-histoire","category-observation","category-transport","tag-carreaux","tag-metro","tag-paris"],"_links":{"self":[{"href":"https:\/\/jlggb.net\/blog2\/index.php?rest_route=\/wp\/v2\/posts\/2722","targetHints":{"allow":["GET"]}}],"collection":[{"href":"https:\/\/jlggb.net\/blog2\/index.php?rest_route=\/wp\/v2\/posts"}],"about":[{"href":"https:\/\/jlggb.net\/blog2\/index.php?rest_route=\/wp\/v2\/types\/post"}],"author":[{"embeddable":true,"href":"https:\/\/jlggb.net\/blog2\/index.php?rest_route=\/wp\/v2\/users\/2"}],"replies":[{"embeddable":true,"href":"https:\/\/jlggb.net\/blog2\/index.php?rest_route=%2Fwp%2Fv2%2Fcomments&post=2722"}],"version-history":[{"count":0,"href":"https:\/\/jlggb.net\/blog2\/index.php?rest_route=\/wp\/v2\/posts\/2722\/revisions"}],"wp:attachment":[{"href":"https:\/\/jlggb.net\/blog2\/index.php?rest_route=%2Fwp%2Fv2%2Fmedia&parent=2722"}],"wp:term":[{"taxonomy":"category","embeddable":true,"href":"https:\/\/jlggb.net\/blog2\/index.php?rest_route=%2Fwp%2Fv2%2Fcategories&post=2722"},{"taxonomy":"post_tag","embeddable":true,"href":"https:\/\/jlggb.net\/blog2\/index.php?rest_route=%2Fwp%2Fv2%2Ftags&post=2722"}],"curies":[{"name":"wp","href":"https:\/\/api.w.org\/{rel}","templated":true}]}}