{"id":2702,"date":"2010-07-01T23:00:14","date_gmt":"2010-07-01T21:00:14","guid":{"rendered":"http:\/\/jlggb.net\/blog2\/?p=2702"},"modified":"2010-07-02T15:04:43","modified_gmt":"2010-07-02T13:04:43","slug":"le-jour-de-la-retraite-vie-des-objets-ch-11","status":"publish","type":"post","link":"https:\/\/jlggb.net\/blog2\/?p=2702","title":{"rendered":"Le jour de la retraite (Vie des objets. Ch.11)"},"content":{"rendered":"<p><a href=\"https:\/\/jlggb.net\/blog2\/wp-content\/uploads\/2010\/07\/dragon.jpg\" data-rel=\"lightbox-image-0\" data-imagelightbox=\"0\" data-rl_title=\"\" data-rl_caption=\"\"><img loading=\"lazy\" decoding=\"async\" class=\"alignnone size-full wp-image-2703\" title=\"\" src=\"https:\/\/jlggb.net\/blog2\/wp-content\/uploads\/2010\/07\/dragon.jpg\" alt=\"\" width=\"640\" height=\"480\" srcset=\"https:\/\/jlggb.net\/blog2\/wp-content\/uploads\/2010\/07\/dragon.jpg 1280w, https:\/\/jlggb.net\/blog2\/wp-content\/uploads\/2010\/07\/dragon-300x225.jpg 300w, https:\/\/jlggb.net\/blog2\/wp-content\/uploads\/2010\/07\/dragon-1024x768.jpg 1024w, https:\/\/jlggb.net\/blog2\/wp-content\/uploads\/2010\/07\/dragon-150x112.jpg 150w\" sizes=\"auto, (max-width: 640px) 100vw, 640px\" \/><\/a><br \/>\nJeudi 1er juillet 2010, 23h55, 93bis, Paris 11e. Tout ce qui reste de couverts en acier inoxydable IKEA (made in Korea) de la ligne Dragon (designer&nbsp;: Carl-Gustaf Jahnsson) a \u00e9t\u00e9 sorti pour \u00eatre mis \u00e0 gauche, disons \u00e0 la retraite \u2014 ce qui ne signifie pas le renoncement \u00e0 tout emploi. Le dessin de la fourchette, plus encore celui de la petite cuill\u00e8re, sont d&rsquo;une telle simplicit\u00e9 moderne qu&rsquo;ils auraient d\u00fb rejoindre le <a href=\"http:\/\/jlggb.net\/blog\/?p=433\" target=\"_self\">\u00ab Super Normal \u00bb<\/a>. Ce sont LES couverts. Ils portent les marques de 30 ans d&rsquo;usage quotidien. Ils ont \u00e9t\u00e9 achet\u00e9s en effet\u00a0 \u00e0 l&rsquo;ouverture du premier IKEA de France, \u00e0 Bobigny, en 1981.<\/p>\n","protected":false},"excerpt":{"rendered":"<p>Jeudi 1er juillet 2010, 23h55, 93bis, Paris 11e. Tout ce qui reste de couverts en acier inoxydable IKEA (made in Korea) de la ligne Dragon (designer&nbsp;: Carl-Gustaf Jahnsson) a \u00e9t\u00e9 sorti pour \u00eatre mis \u00e0 gauche, disons \u00e0 la retraite \u2014 ce qui ne signifie pas le renoncement \u00e0 tout emploi. Le dessin de la &hellip; <a href=\"https:\/\/jlggb.net\/blog2\/?p=2702\" class=\"more-link\">Continuer la lecture de <span class=\"screen-reader-text\">Le jour de la retraite (Vie des objets. Ch.11)<\/span><\/a><\/p>\n","protected":false},"author":2,"featured_media":0,"comment_status":"closed","ping_status":"closed","sticky":false,"template":"","format":"standard","meta":{"footnotes":""},"categories":[57,65],"tags":[422,421,420,423],"class_list":["post-2702","post","type-post","status-publish","format-standard","hentry","category-histoire","category-vie-des-objets","tag-couverts","tag-dragon","tag-ikea","tag-inox"],"_links":{"self":[{"href":"https:\/\/jlggb.net\/blog2\/index.php?rest_route=\/wp\/v2\/posts\/2702","targetHints":{"allow":["GET"]}}],"collection":[{"href":"https:\/\/jlggb.net\/blog2\/index.php?rest_route=\/wp\/v2\/posts"}],"about":[{"href":"https:\/\/jlggb.net\/blog2\/index.php?rest_route=\/wp\/v2\/types\/post"}],"author":[{"embeddable":true,"href":"https:\/\/jlggb.net\/blog2\/index.php?rest_route=\/wp\/v2\/users\/2"}],"replies":[{"embeddable":true,"href":"https:\/\/jlggb.net\/blog2\/index.php?rest_route=%2Fwp%2Fv2%2Fcomments&post=2702"}],"version-history":[{"count":1,"href":"https:\/\/jlggb.net\/blog2\/index.php?rest_route=\/wp\/v2\/posts\/2702\/revisions"}],"predecessor-version":[{"id":8105,"href":"https:\/\/jlggb.net\/blog2\/index.php?rest_route=\/wp\/v2\/posts\/2702\/revisions\/8105"}],"wp:attachment":[{"href":"https:\/\/jlggb.net\/blog2\/index.php?rest_route=%2Fwp%2Fv2%2Fmedia&parent=2702"}],"wp:term":[{"taxonomy":"category","embeddable":true,"href":"https:\/\/jlggb.net\/blog2\/index.php?rest_route=%2Fwp%2Fv2%2Fcategories&post=2702"},{"taxonomy":"post_tag","embeddable":true,"href":"https:\/\/jlggb.net\/blog2\/index.php?rest_route=%2Fwp%2Fv2%2Ftags&post=2702"}],"curies":[{"name":"wp","href":"https:\/\/api.w.org\/{rel}","templated":true}]}}