{"id":2639,"date":"2010-06-18T18:20:03","date_gmt":"2010-06-18T16:20:03","guid":{"rendered":"http:\/\/jlggb.net\/blog2\/?p=2639"},"modified":"2026-02-22T23:16:46","modified_gmt":"2026-02-22T22:16:46","slug":"julio-le-parc","status":"publish","type":"post","link":"https:\/\/jlggb.net\/blog2\/?p=2639","title":{"rendered":"Julio Le Parc"},"content":{"rendered":"<p><a href=\"https:\/\/jlggb.net\/blog2\/wp-content\/uploads\/2010\/06\/LeParc-1965.jpg\" data-rel=\"lightbox-image-0\" data-imagelightbox=\"0\" data-rl_title=\"\" data-rl_caption=\"\"><img loading=\"lazy\" decoding=\"async\" class=\"alignnone size-full wp-image-2640\" title=\"\" src=\"https:\/\/jlggb.net\/blog2\/wp-content\/uploads\/2010\/06\/LeParc-1965.jpg\" alt=\"\" width=\"640\" height=\"480\" srcset=\"https:\/\/jlggb.net\/blog2\/wp-content\/uploads\/2010\/06\/LeParc-1965.jpg 1280w, https:\/\/jlggb.net\/blog2\/wp-content\/uploads\/2010\/06\/LeParc-1965-300x225.jpg 300w, https:\/\/jlggb.net\/blog2\/wp-content\/uploads\/2010\/06\/LeParc-1965-1024x768.jpg 1024w, https:\/\/jlggb.net\/blog2\/wp-content\/uploads\/2010\/06\/LeParc-1965-150x112.jpg 150w\" sizes=\"auto, (max-width: 640px) 100vw, 640px\" \/><\/a><br \/>\nVendredi 18 juin 2010, 18h20, Art Basel, Galerie Denise Ren\u00e9, Paris, (Julio) Le Parc (1928, Mendoza, Argentine), <em>064<\/em>, 1965, trame alt\u00e9r\u00e9e, relief 1\/9, 60 x 60 x 60 cm. Int\u00e9ressant, remuant, provocateur, leader du GRAV, on ne l&rsquo;a pas revu depuis 1968. Mais La Galerie Denise Ren\u00e9 \u2014 et Denise Ren\u00e9e elle-m\u00eame \u2014 existent toujours.<\/p>\n<p><a href=\"https:\/\/jlggb.net\/blog2\/wp-content\/uploads\/2010\/06\/1968_cin\u00e9tisme_06.jpg\" data-rel=\"lightbox-image-1\" data-imagelightbox=\"1\" data-rl_title=\"\" data-rl_caption=\"\"><img loading=\"lazy\" decoding=\"async\" class=\"alignnone size-full wp-image-2647\" title=\"\" src=\"https:\/\/jlggb.net\/blog2\/wp-content\/uploads\/2010\/06\/1968_cin\u00e9tisme_06.jpg\" alt=\"\" width=\"640\" height=\"480\" \/><\/a><br \/>\nGrenoble le 3 mai 1968. Julio Le Parc. (Photo JLggB \u00a9 1968)<br \/>\nVoir d&rsquo;autres photos du m\u00eame moment&nbsp;: <a href=\"https:\/\/jlggb.net\/blog2\/?p=2440\" target=\"_self\">https:\/\/jlggb.net\/blog2\/?p=2440<\/a>, <a href=\"https:\/\/jlggb.net\/blog2\/?p=846\" target=\"_self\">https:\/\/jlggb.net\/blog2\/?p=846<\/a><\/p>\n","protected":false},"excerpt":{"rendered":"<p>Vendredi 18 juin 2010, 18h20, Art Basel, Galerie Denise Ren\u00e9, Paris, (Julio) Le Parc (1928, Mendoza, Argentine), 064, 1965, trame alt\u00e9r\u00e9e, relief 1\/9, 60 x 60 x 60 cm. Int\u00e9ressant, remuant, provocateur, leader du GRAV, on ne l&rsquo;a pas revu depuis 1968. Mais La Galerie Denise Ren\u00e9 \u2014 et Denise Ren\u00e9e elle-m\u00eame \u2014 existent toujours. &hellip; <a href=\"https:\/\/jlggb.net\/blog2\/?p=2639\" class=\"more-link\">Continuer la lecture de <span class=\"screen-reader-text\">Julio Le Parc<\/span><\/a><\/p>\n","protected":false},"author":2,"featured_media":0,"comment_status":"closed","ping_status":"closed","sticky":false,"template":"","format":"standard","meta":{"footnotes":""},"categories":[71,95,57],"tags":[168,412,413],"class_list":["post-2639","post","type-post","status-publish","format-standard","hentry","category-dispositif","category-exposition","category-histoire","tag-cinetisme","tag-denise-rene","tag-le-parc"],"_links":{"self":[{"href":"https:\/\/jlggb.net\/blog2\/index.php?rest_route=\/wp\/v2\/posts\/2639","targetHints":{"allow":["GET"]}}],"collection":[{"href":"https:\/\/jlggb.net\/blog2\/index.php?rest_route=\/wp\/v2\/posts"}],"about":[{"href":"https:\/\/jlggb.net\/blog2\/index.php?rest_route=\/wp\/v2\/types\/post"}],"author":[{"embeddable":true,"href":"https:\/\/jlggb.net\/blog2\/index.php?rest_route=\/wp\/v2\/users\/2"}],"replies":[{"embeddable":true,"href":"https:\/\/jlggb.net\/blog2\/index.php?rest_route=%2Fwp%2Fv2%2Fcomments&post=2639"}],"version-history":[{"count":3,"href":"https:\/\/jlggb.net\/blog2\/index.php?rest_route=\/wp\/v2\/posts\/2639\/revisions"}],"predecessor-version":[{"id":8598,"href":"https:\/\/jlggb.net\/blog2\/index.php?rest_route=\/wp\/v2\/posts\/2639\/revisions\/8598"}],"wp:attachment":[{"href":"https:\/\/jlggb.net\/blog2\/index.php?rest_route=%2Fwp%2Fv2%2Fmedia&parent=2639"}],"wp:term":[{"taxonomy":"category","embeddable":true,"href":"https:\/\/jlggb.net\/blog2\/index.php?rest_route=%2Fwp%2Fv2%2Fcategories&post=2639"},{"taxonomy":"post_tag","embeddable":true,"href":"https:\/\/jlggb.net\/blog2\/index.php?rest_route=%2Fwp%2Fv2%2Ftags&post=2639"}],"curies":[{"name":"wp","href":"https:\/\/api.w.org\/{rel}","templated":true}]}}