{"id":2595,"date":"2010-06-25T20:00:40","date_gmt":"2010-06-25T18:00:40","guid":{"rendered":"http:\/\/jlggb.net\/blog2\/?p=2595"},"modified":"2012-09-29T11:05:07","modified_gmt":"2012-09-29T10:05:07","slug":"macchina-per-discorrere-1963","status":"publish","type":"post","link":"https:\/\/jlggb.net\/blog2\/?p=2595","title":{"rendered":"Macchina per discorrere, 1963"},"content":{"rendered":"<p><a href=\"https:\/\/jlggb.net\/blog2\/wp-content\/uploads\/2010\/06\/macchina.jpg\" data-rel=\"lightbox-image-0\" data-imagelightbox=\"0\" data-rl_title=\"\" data-rl_caption=\"\"><img loading=\"lazy\" decoding=\"async\" class=\"alignnone size-full wp-image-2596\" title=\"\" src=\"https:\/\/jlggb.net\/blog2\/wp-content\/uploads\/2010\/06\/macchina.jpg\" alt=\"\" width=\"640\" height=\"480\" \/><\/a><br \/>\nVendredi 25 juin 2010, 20h, Centre de Cr\u00e9ation Contemporaine de Tours, r\u00e9trospective Piero Gilardi, \u00ab\u00a0Le\u00e7on de choses\u00a0\u00bb. Piero Gilardi, <em>Macchina per discorrere (<\/em>Machine pour discourir, de la s\u00e9rie <em>Macchine per il futuro<\/em>, sa premi\u00e8re exposition), 1963, bois et mat\u00e9riel \u00e9lectrique, collection de l&rsquo;artiste (il avait 21 ans). Voir l&rsquo;article du <a href=\"http:\/\/jlggb.net\/blog\/?p=5658\" target=\"_self\">9 octobre 2009 \u00ab\u00a0Piero Gilardi\u00a0\u00bb&nbsp;: http:\/\/jlggb.net\/blog\/?p=5658<\/a>.<br \/>\n[flv:https:\/\/jlggb.net\/blog2\/wp-flv\/gilardi-tours.flv 400 320]Piero Gilardi fait la d\u00e9monstration de sa machine. Vid\u00e9o, 8 s.<\/p>\n<p>Voir&nbsp;:<a href=\"http:\/\/www.mamco.ch\/artistes_fichiers\/G\/gilardi.html\" target=\"_blank\"> http:\/\/www.mamco.ch\/artistes_fichiers\/G\/gilardi.html<\/a><\/p>\n","protected":false},"excerpt":{"rendered":"<p>Vendredi 25 juin 2010, 20h, Centre de Cr\u00e9ation Contemporaine de Tours, r\u00e9trospective Piero Gilardi, \u00ab\u00a0Le\u00e7on de choses\u00a0\u00bb. Piero Gilardi, Macchina per discorrere (Machine pour discourir, de la s\u00e9rie Macchine per il futuro, sa premi\u00e8re exposition), 1963, bois et mat\u00e9riel \u00e9lectrique, collection de l&rsquo;artiste (il avait 21 ans). Voir l&rsquo;article du 9 octobre 2009 \u00ab\u00a0Piero Gilardi\u00a0\u00bb&nbsp;: &hellip; <a href=\"https:\/\/jlggb.net\/blog2\/?p=2595\" class=\"more-link\">Continuer la lecture de <span class=\"screen-reader-text\">Macchina per discorrere, 1963<\/span><\/a><\/p>\n","protected":false},"author":2,"featured_media":0,"comment_status":"closed","ping_status":"closed","sticky":false,"template":"","format":"standard","meta":{"footnotes":""},"categories":[71,95,74],"tags":[407,405,406],"class_list":["post-2595","post","type-post","status-publish","format-standard","hentry","category-dispositif","category-exposition","category-monument","tag-machine","tag-piero-gilardi","tag-tours"],"_links":{"self":[{"href":"https:\/\/jlggb.net\/blog2\/index.php?rest_route=\/wp\/v2\/posts\/2595","targetHints":{"allow":["GET"]}}],"collection":[{"href":"https:\/\/jlggb.net\/blog2\/index.php?rest_route=\/wp\/v2\/posts"}],"about":[{"href":"https:\/\/jlggb.net\/blog2\/index.php?rest_route=\/wp\/v2\/types\/post"}],"author":[{"embeddable":true,"href":"https:\/\/jlggb.net\/blog2\/index.php?rest_route=\/wp\/v2\/users\/2"}],"replies":[{"embeddable":true,"href":"https:\/\/jlggb.net\/blog2\/index.php?rest_route=%2Fwp%2Fv2%2Fcomments&post=2595"}],"version-history":[{"count":0,"href":"https:\/\/jlggb.net\/blog2\/index.php?rest_route=\/wp\/v2\/posts\/2595\/revisions"}],"wp:attachment":[{"href":"https:\/\/jlggb.net\/blog2\/index.php?rest_route=%2Fwp%2Fv2%2Fmedia&parent=2595"}],"wp:term":[{"taxonomy":"category","embeddable":true,"href":"https:\/\/jlggb.net\/blog2\/index.php?rest_route=%2Fwp%2Fv2%2Fcategories&post=2595"},{"taxonomy":"post_tag","embeddable":true,"href":"https:\/\/jlggb.net\/blog2\/index.php?rest_route=%2Fwp%2Fv2%2Ftags&post=2595"}],"curies":[{"name":"wp","href":"https:\/\/api.w.org\/{rel}","templated":true}]}}