{"id":2517,"date":"2010-06-21T09:00:53","date_gmt":"2010-06-21T07:00:53","guid":{"rendered":"http:\/\/jlggb.net\/blog2\/?p=2517"},"modified":"2010-06-27T11:29:34","modified_gmt":"2010-06-27T09:29:34","slug":"salle-a-manger-collective","status":"publish","type":"post","link":"https:\/\/jlggb.net\/blog2\/?p=2517","title":{"rendered":"Salle \u00e0 manger collective"},"content":{"rendered":"<p><a href=\"https:\/\/jlggb.net\/blog2\/wp-content\/uploads\/2010\/06\/cafet-hepia.jpg\" data-rel=\"lightbox-image-0\" data-imagelightbox=\"0\" data-rl_title=\"\" data-rl_caption=\"\"><img loading=\"lazy\" decoding=\"async\" class=\"alignnone size-full wp-image-2518\" title=\"\" src=\"https:\/\/jlggb.net\/blog2\/wp-content\/uploads\/2010\/06\/cafet-hepia.jpg\" alt=\"\" width=\"640\" height=\"480\" srcset=\"https:\/\/jlggb.net\/blog2\/wp-content\/uploads\/2010\/06\/cafet-hepia.jpg 1280w, https:\/\/jlggb.net\/blog2\/wp-content\/uploads\/2010\/06\/cafet-hepia-300x225.jpg 300w, https:\/\/jlggb.net\/blog2\/wp-content\/uploads\/2010\/06\/cafet-hepia-1024x768.jpg 1024w, https:\/\/jlggb.net\/blog2\/wp-content\/uploads\/2010\/06\/cafet-hepia-150x112.jpg 150w\" sizes=\"auto, (max-width: 640px) 100vw, 640px\" \/><\/a><br \/>\nLundi 21 juin 2010, 8h50, HEPIA (Haute \u00e9cole du paysage, d&rsquo;ing\u00e9nierie et d&rsquo;architecture), Gen\u00e8ve. L&rsquo;endroit est int\u00e9ressant aussi pour le mobilier, l&rsquo;agencement et l&rsquo;ambiance de la caf\u00e9t\u00e9ria. On note en particulier l&rsquo;alliance des gris et du chrom\u00e9.<\/p>\n","protected":false},"excerpt":{"rendered":"<p>Lundi 21 juin 2010, 8h50, HEPIA (Haute \u00e9cole du paysage, d&rsquo;ing\u00e9nierie et d&rsquo;architecture), Gen\u00e8ve. L&rsquo;endroit est int\u00e9ressant aussi pour le mobilier, l&rsquo;agencement et l&rsquo;ambiance de la caf\u00e9t\u00e9ria. On note en particulier l&rsquo;alliance des gris et du chrom\u00e9.<\/p>\n","protected":false},"author":2,"featured_media":0,"comment_status":"closed","ping_status":"closed","sticky":false,"template":"","format":"standard","meta":{"footnotes":""},"categories":[45,50],"tags":[77,409],"class_list":["post-2517","post","type-post","status-publish","format-standard","hentry","category-architecture","category-design","tag-geneve","tag-mobilier"],"_links":{"self":[{"href":"https:\/\/jlggb.net\/blog2\/index.php?rest_route=\/wp\/v2\/posts\/2517","targetHints":{"allow":["GET"]}}],"collection":[{"href":"https:\/\/jlggb.net\/blog2\/index.php?rest_route=\/wp\/v2\/posts"}],"about":[{"href":"https:\/\/jlggb.net\/blog2\/index.php?rest_route=\/wp\/v2\/types\/post"}],"author":[{"embeddable":true,"href":"https:\/\/jlggb.net\/blog2\/index.php?rest_route=\/wp\/v2\/users\/2"}],"replies":[{"embeddable":true,"href":"https:\/\/jlggb.net\/blog2\/index.php?rest_route=%2Fwp%2Fv2%2Fcomments&post=2517"}],"version-history":[{"count":0,"href":"https:\/\/jlggb.net\/blog2\/index.php?rest_route=\/wp\/v2\/posts\/2517\/revisions"}],"wp:attachment":[{"href":"https:\/\/jlggb.net\/blog2\/index.php?rest_route=%2Fwp%2Fv2%2Fmedia&parent=2517"}],"wp:term":[{"taxonomy":"category","embeddable":true,"href":"https:\/\/jlggb.net\/blog2\/index.php?rest_route=%2Fwp%2Fv2%2Fcategories&post=2517"},{"taxonomy":"post_tag","embeddable":true,"href":"https:\/\/jlggb.net\/blog2\/index.php?rest_route=%2Fwp%2Fv2%2Ftags&post=2517"}],"curies":[{"name":"wp","href":"https:\/\/api.w.org\/{rel}","templated":true}]}}