{"id":2501,"date":"2010-06-21T22:59:11","date_gmt":"2010-06-21T20:59:11","guid":{"rendered":"http:\/\/jlggb.net\/blog2\/?p=2501"},"modified":"2010-06-23T00:59:24","modified_gmt":"2010-06-22T22:59:24","slug":"lunettes","status":"publish","type":"post","link":"https:\/\/jlggb.net\/blog2\/?p=2501","title":{"rendered":"Optique"},"content":{"rendered":"<p><a href=\"https:\/\/jlggb.net\/blog2\/wp-content\/uploads\/2010\/06\/lunettes-gen\u00e8ve.jpg\" data-rel=\"lightbox-image-0\" data-imagelightbox=\"0\" data-rl_title=\"\" data-rl_caption=\"\"><img loading=\"lazy\" decoding=\"async\" class=\"alignnone size-full wp-image-2502\" title=\"\" src=\"https:\/\/jlggb.net\/blog2\/wp-content\/uploads\/2010\/06\/lunettes-gen\u00e8ve.jpg\" alt=\"\" width=\"640\" height=\"480\" \/><\/a><br \/>\nLundi 21 juin 2010, 22h30, Gen\u00e8ve, rue du Vieux Coll\u00e8ge, \u00e0 l&rsquo;angle de la rue Verdaine. Juste \u00e0 c\u00f4t\u00e9, se trouvait le magasin Photo Verdaine o\u00f9 s&rsquo;achetaient, au prix suisse, dans les ann\u00e9es 60, appareils photo et cam\u00e9ras. On v\u00e9rifie l&rsquo;existence d&rsquo;un \u00ab\u00a0vocabulaire\u00a0\u00bb des enseignes qui m\u00e9rite inventaire (et pourrait alimenter la pratique du r\u00e9bus).<\/p>\n","protected":false},"excerpt":{"rendered":"<p>Lundi 21 juin 2010, 22h30, Gen\u00e8ve, rue du Vieux Coll\u00e8ge, \u00e0 l&rsquo;angle de la rue Verdaine. Juste \u00e0 c\u00f4t\u00e9, se trouvait le magasin Photo Verdaine o\u00f9 s&rsquo;achetaient, au prix suisse, dans les ann\u00e9es 60, appareils photo et cam\u00e9ras. On v\u00e9rifie l&rsquo;existence d&rsquo;un \u00ab\u00a0vocabulaire\u00a0\u00bb des enseignes qui m\u00e9rite inventaire (et pourrait alimenter la pratique du r\u00e9bus).<\/p>\n","protected":false},"author":2,"featured_media":0,"comment_status":"closed","ping_status":"closed","sticky":false,"template":"","format":"standard","meta":{"footnotes":""},"categories":[201,52,286],"tags":[914,77,361],"class_list":["post-2501","post","type-post","status-publish","format-standard","hentry","category-collection","category-enseigne","category-vitrine","tag-enseigne","tag-geneve","tag-optique"],"_links":{"self":[{"href":"https:\/\/jlggb.net\/blog2\/index.php?rest_route=\/wp\/v2\/posts\/2501","targetHints":{"allow":["GET"]}}],"collection":[{"href":"https:\/\/jlggb.net\/blog2\/index.php?rest_route=\/wp\/v2\/posts"}],"about":[{"href":"https:\/\/jlggb.net\/blog2\/index.php?rest_route=\/wp\/v2\/types\/post"}],"author":[{"embeddable":true,"href":"https:\/\/jlggb.net\/blog2\/index.php?rest_route=\/wp\/v2\/users\/2"}],"replies":[{"embeddable":true,"href":"https:\/\/jlggb.net\/blog2\/index.php?rest_route=%2Fwp%2Fv2%2Fcomments&post=2501"}],"version-history":[{"count":0,"href":"https:\/\/jlggb.net\/blog2\/index.php?rest_route=\/wp\/v2\/posts\/2501\/revisions"}],"wp:attachment":[{"href":"https:\/\/jlggb.net\/blog2\/index.php?rest_route=%2Fwp%2Fv2%2Fmedia&parent=2501"}],"wp:term":[{"taxonomy":"category","embeddable":true,"href":"https:\/\/jlggb.net\/blog2\/index.php?rest_route=%2Fwp%2Fv2%2Fcategories&post=2501"},{"taxonomy":"post_tag","embeddable":true,"href":"https:\/\/jlggb.net\/blog2\/index.php?rest_route=%2Fwp%2Fv2%2Ftags&post=2501"}],"curies":[{"name":"wp","href":"https:\/\/api.w.org\/{rel}","templated":true}]}}