{"id":2493,"date":"2010-06-18T17:40:19","date_gmt":"2010-06-18T15:40:19","guid":{"rendered":"http:\/\/jlggb.net\/blog2\/?p=2493"},"modified":"2026-02-22T23:17:36","modified_gmt":"2026-02-22T22:17:36","slug":"soto","status":"publish","type":"post","link":"https:\/\/jlggb.net\/blog2\/?p=2493","title":{"rendered":"Il reste des multiples de Soto"},"content":{"rendered":"<p><a href=\"https:\/\/jlggb.net\/blog2\/wp-content\/uploads\/2010\/06\/soto-biface-1974.jpg\" data-rel=\"lightbox-image-0\" data-imagelightbox=\"0\" data-rl_title=\"\" data-rl_caption=\"\"><img loading=\"lazy\" decoding=\"async\" class=\"alignnone size-full wp-image-2494\" title=\"\" src=\"https:\/\/jlggb.net\/blog2\/wp-content\/uploads\/2010\/06\/soto-biface-1974.jpg\" alt=\"\" width=\"640\" height=\"480\" srcset=\"https:\/\/jlggb.net\/blog2\/wp-content\/uploads\/2010\/06\/soto-biface-1974.jpg 1280w, https:\/\/jlggb.net\/blog2\/wp-content\/uploads\/2010\/06\/soto-biface-1974-300x225.jpg 300w, https:\/\/jlggb.net\/blog2\/wp-content\/uploads\/2010\/06\/soto-biface-1974-1024x768.jpg 1024w, https:\/\/jlggb.net\/blog2\/wp-content\/uploads\/2010\/06\/soto-biface-1974-150x112.jpg 150w\" sizes=\"auto, (max-width: 640px) 100vw, 640px\" \/><\/a><br \/>\nVendredi 18 juin 2010, 17h40, Art Basel. Jes\u00fas Rafael Soto, <em>Biface<\/em>, 1974, \u00e9dition 50\/100. On comprend que tous n&rsquo;ont pas \u00e9t\u00e9 fabriqu\u00e9s&nbsp;?<\/p>\n<p><a href=\"https:\/\/jlggb.net\/blog2\/wp-content\/uploads\/2010\/06\/soto-environnement.jpg\" data-rel=\"lightbox-image-1\" data-imagelightbox=\"1\" data-rl_title=\"\" data-rl_caption=\"\"><img loading=\"lazy\" decoding=\"async\" class=\"alignnone size-full wp-image-2636\" title=\"\" src=\"https:\/\/jlggb.net\/blog2\/wp-content\/uploads\/2010\/06\/soto-environnement.jpg\" alt=\"\" width=\"640\" height=\"480\" srcset=\"https:\/\/jlggb.net\/blog2\/wp-content\/uploads\/2010\/06\/soto-environnement.jpg 1280w, https:\/\/jlggb.net\/blog2\/wp-content\/uploads\/2010\/06\/soto-environnement-300x225.jpg 300w, https:\/\/jlggb.net\/blog2\/wp-content\/uploads\/2010\/06\/soto-environnement-1024x768.jpg 1024w, https:\/\/jlggb.net\/blog2\/wp-content\/uploads\/2010\/06\/soto-environnement-150x112.jpg 150w\" sizes=\"auto, (max-width: 640px) 100vw, 640px\" \/><\/a><br \/>\nEt aussi un classique&nbsp;: Jes\u00fas Rafael Soto, <em>Environnement<\/em>, 1967, hauteur variable, fer, peinture.<\/p>\n<p>Note&nbsp;: L. et moi avons travaill\u00e9 ensemble (avec d&rsquo;autres, elle comme \u00ab volontaire \u00bb, moi comme employ\u00e9) \u00e0 la veille de l&rsquo;ouverture (tout d\u00e9but mai 1968) de l&rsquo;exposition <em>Cin\u00e9tisme-Spectacle-Environnement<\/em> de la Maison de la culture de Grenoble, au montage d&rsquo;un \u00ab p\u00e9n\u00e9trable \u00bb de Soto, et plus pr\u00e9cis\u00e9ment \u00e0 suspendre avec du fil de nylon des milliers de longues tiges d&rsquo;acier.<\/p>\n<p><a href=\"https:\/\/jlggb.net\/blog2\/wp-content\/uploads\/2010\/06\/soto-arc-1969-couv.jpg\" data-rel=\"lightbox-image-2\" data-imagelightbox=\"2\" data-rl_title=\"\" data-rl_caption=\"\"><img loading=\"lazy\" decoding=\"async\" class=\"alignnone size-full wp-image-2720\" title=\"\" src=\"https:\/\/jlggb.net\/blog2\/wp-content\/uploads\/2010\/06\/soto-arc-1969-couv.jpg\" alt=\"\" width=\"320\" height=\"304\" srcset=\"https:\/\/jlggb.net\/blog2\/wp-content\/uploads\/2010\/06\/soto-arc-1969-couv.jpg 640w, https:\/\/jlggb.net\/blog2\/wp-content\/uploads\/2010\/06\/soto-arc-1969-couv-300x285.jpg 300w, https:\/\/jlggb.net\/blog2\/wp-content\/uploads\/2010\/06\/soto-arc-1969-couv-150x142.jpg 150w\" sizes=\"auto, (max-width: 320px) 100vw, 320px\" \/><\/a><br \/>\nCatalogue de l&rsquo;exposition Soto au Mus\u00e9e d&rsquo;art moderne de la Ville de Paris (ARC, Pierre Gaudibert et Suzanne Pag\u00e9), du 10 juin au 21 ao\u00fbt 1969 (collection JLggB).<\/p>\n","protected":false},"excerpt":{"rendered":"<p>Vendredi 18 juin 2010, 17h40, Art Basel. Jes\u00fas Rafael Soto, Biface, 1974, \u00e9dition 50\/100. On comprend que tous n&rsquo;ont pas \u00e9t\u00e9 fabriqu\u00e9s&nbsp;? Et aussi un classique&nbsp;: Jes\u00fas Rafael Soto, Environnement, 1967, hauteur variable, fer, peinture. Note&nbsp;: L. et moi avons travaill\u00e9 ensemble (avec d&rsquo;autres, elle comme \u00ab volontaire \u00bb, moi comme employ\u00e9) \u00e0 la veille &hellip; <a href=\"https:\/\/jlggb.net\/blog2\/?p=2493\" class=\"more-link\">Continuer la lecture de <span class=\"screen-reader-text\">Il reste des multiples de Soto<\/span><\/a><\/p>\n","protected":false},"author":2,"featured_media":0,"comment_status":"closed","ping_status":"closed","sticky":false,"template":"","format":"standard","meta":{"footnotes":""},"categories":[50,95],"tags":[168,411,394,393],"class_list":["post-2493","post","type-post","status-publish","format-standard","hentry","category-design","category-exposition","tag-cinetisme","tag-environnement","tag-multiple","tag-soto"],"_links":{"self":[{"href":"https:\/\/jlggb.net\/blog2\/index.php?rest_route=\/wp\/v2\/posts\/2493","targetHints":{"allow":["GET"]}}],"collection":[{"href":"https:\/\/jlggb.net\/blog2\/index.php?rest_route=\/wp\/v2\/posts"}],"about":[{"href":"https:\/\/jlggb.net\/blog2\/index.php?rest_route=\/wp\/v2\/types\/post"}],"author":[{"embeddable":true,"href":"https:\/\/jlggb.net\/blog2\/index.php?rest_route=\/wp\/v2\/users\/2"}],"replies":[{"embeddable":true,"href":"https:\/\/jlggb.net\/blog2\/index.php?rest_route=%2Fwp%2Fv2%2Fcomments&post=2493"}],"version-history":[{"count":1,"href":"https:\/\/jlggb.net\/blog2\/index.php?rest_route=\/wp\/v2\/posts\/2493\/revisions"}],"predecessor-version":[{"id":8576,"href":"https:\/\/jlggb.net\/blog2\/index.php?rest_route=\/wp\/v2\/posts\/2493\/revisions\/8576"}],"wp:attachment":[{"href":"https:\/\/jlggb.net\/blog2\/index.php?rest_route=%2Fwp%2Fv2%2Fmedia&parent=2493"}],"wp:term":[{"taxonomy":"category","embeddable":true,"href":"https:\/\/jlggb.net\/blog2\/index.php?rest_route=%2Fwp%2Fv2%2Fcategories&post=2493"},{"taxonomy":"post_tag","embeddable":true,"href":"https:\/\/jlggb.net\/blog2\/index.php?rest_route=%2Fwp%2Fv2%2Ftags&post=2493"}],"curies":[{"name":"wp","href":"https:\/\/api.w.org\/{rel}","templated":true}]}}