{"id":2484,"date":"2010-06-18T16:30:35","date_gmt":"2010-06-18T14:30:35","guid":{"rendered":"http:\/\/jlggb.net\/blog2\/?p=2484"},"modified":"2025-11-16T00:48:58","modified_gmt":"2025-11-15T23:48:58","slug":"a-chaque-stencil-une-revolution","status":"publish","type":"post","link":"https:\/\/jlggb.net\/blog2\/?p=2484","title":{"rendered":"\u00c0 chaque stencil une r\u00e9volution"},"content":{"rendered":"<p><a href=\"https:\/\/jlggb.net\/blog2\/wp-content\/uploads\/2010\/06\/latifa-echakhch-basel.jpg\" data-rel=\"lightbox-image-0\" data-imagelightbox=\"0\" data-rl_title=\"\" data-rl_caption=\"\"><img loading=\"lazy\" decoding=\"async\" class=\"alignnone size-full wp-image-2485\" title=\"\" src=\"https:\/\/jlggb.net\/blog2\/wp-content\/uploads\/2010\/06\/latifa-echakhch-basel.jpg\" alt=\"\" width=\"640\" height=\"480\" srcset=\"https:\/\/jlggb.net\/blog2\/wp-content\/uploads\/2010\/06\/latifa-echakhch-basel.jpg 1280w, https:\/\/jlggb.net\/blog2\/wp-content\/uploads\/2010\/06\/latifa-echakhch-basel-300x225.jpg 300w, https:\/\/jlggb.net\/blog2\/wp-content\/uploads\/2010\/06\/latifa-echakhch-basel-1024x768.jpg 1024w, https:\/\/jlggb.net\/blog2\/wp-content\/uploads\/2010\/06\/latifa-echakhch-basel-150x112.jpg 150w\" sizes=\"auto, (max-width: 640px) 100vw, 640px\" \/><\/a><br \/>\nVendredi 18 juin 2010, 16h30, Art Basel, exposition <em>Art Unlimited<\/em>. Latifa Echakch (n\u00e9e en 1974 au Maroc), <em>\u00c0 chaque stencil une r\u00e9volution<\/em>, 2007-2010, Galerie Kamel Mennour, Paris.<\/p>\n<p><a href=\"http:\/\/blip.tv\/file\/218338\/\" target=\"_blank\" rel=\"noopener\"><img loading=\"lazy\" decoding=\"async\" class=\"alignnone size-full wp-image-2488\" title=\"latifa-echakhch-brooklyn\" src=\"https:\/\/jlggb.net\/blog2\/wp-content\/uploads\/2010\/06\/latifa-echakhch-brooklyn.jpg\" alt=\"\" width=\"240\" height=\"133\" srcset=\"https:\/\/jlggb.net\/blog2\/wp-content\/uploads\/2010\/06\/latifa-echakhch-brooklyn.jpg 320w, https:\/\/jlggb.net\/blog2\/wp-content\/uploads\/2010\/06\/latifa-echakhch-brooklyn-300x166.jpg 300w, https:\/\/jlggb.net\/blog2\/wp-content\/uploads\/2010\/06\/latifa-echakhch-brooklyn-150x83.jpg 150w\" sizes=\"auto, (max-width: 240px) 100vw, 240px\" \/><\/a><\/p>\n<p>Latifa Echakch, conf\u00e9rence au Brooklyn Museum, 2007. Voir&nbsp;: <a href=\"http:\/\/blip.tv\/file\/218338\/\" target=\"_blank\" rel=\"noopener\">http:\/\/blip.tv\/file\/218338\/<\/a><\/p>\n","protected":false},"excerpt":{"rendered":"<p>Vendredi 18 juin 2010, 16h30, Art Basel, exposition Art Unlimited. Latifa Echakch (n\u00e9e en 1974 au Maroc), \u00c0 chaque stencil une r\u00e9volution, 2007-2010, Galerie Kamel Mennour, Paris. Latifa Echakch, conf\u00e9rence au Brooklyn Museum, 2007. Voir&nbsp;: http:\/\/blip.tv\/file\/218338\/<\/p>\n","protected":false},"author":2,"featured_media":0,"comment_status":"closed","ping_status":"closed","sticky":false,"template":"","format":"standard","meta":{"footnotes":""},"categories":[95,30],"tags":[222,390,402],"class_list":["post-2484","post","type-post","status-publish","format-standard","hentry","category-exposition","category-personne","tag-art","tag-bale","tag-latifa-echakch"],"_links":{"self":[{"href":"https:\/\/jlggb.net\/blog2\/index.php?rest_route=\/wp\/v2\/posts\/2484","targetHints":{"allow":["GET"]}}],"collection":[{"href":"https:\/\/jlggb.net\/blog2\/index.php?rest_route=\/wp\/v2\/posts"}],"about":[{"href":"https:\/\/jlggb.net\/blog2\/index.php?rest_route=\/wp\/v2\/types\/post"}],"author":[{"embeddable":true,"href":"https:\/\/jlggb.net\/blog2\/index.php?rest_route=\/wp\/v2\/users\/2"}],"replies":[{"embeddable":true,"href":"https:\/\/jlggb.net\/blog2\/index.php?rest_route=%2Fwp%2Fv2%2Fcomments&post=2484"}],"version-history":[{"count":2,"href":"https:\/\/jlggb.net\/blog2\/index.php?rest_route=\/wp\/v2\/posts\/2484\/revisions"}],"predecessor-version":[{"id":8577,"href":"https:\/\/jlggb.net\/blog2\/index.php?rest_route=\/wp\/v2\/posts\/2484\/revisions\/8577"}],"wp:attachment":[{"href":"https:\/\/jlggb.net\/blog2\/index.php?rest_route=%2Fwp%2Fv2%2Fmedia&parent=2484"}],"wp:term":[{"taxonomy":"category","embeddable":true,"href":"https:\/\/jlggb.net\/blog2\/index.php?rest_route=%2Fwp%2Fv2%2Fcategories&post=2484"},{"taxonomy":"post_tag","embeddable":true,"href":"https:\/\/jlggb.net\/blog2\/index.php?rest_route=%2Fwp%2Fv2%2Ftags&post=2484"}],"curies":[{"name":"wp","href":"https:\/\/api.w.org\/{rel}","templated":true}]}}