{"id":2440,"date":"2010-06-19T11:35:41","date_gmt":"2010-06-19T09:35:41","guid":{"rendered":"http:\/\/jlggb.net\/blog2\/?p=2440"},"modified":"2025-11-16T00:45:26","modified_gmt":"2025-11-15T23:45:26","slug":"n%c2%b0-281-acrilica","status":"publish","type":"post","link":"https:\/\/jlggb.net\/blog2\/?p=2440","title":{"rendered":"N\u00b0 281 (Acrilica)"},"content":{"rendered":"<p><a href=\"https:\/\/jlggb.net\/blog2\/wp-content\/uploads\/2010\/06\/colombo-1962.jpg\" data-rel=\"lightbox-image-0\" data-imagelightbox=\"0\" data-rl_title=\"\" data-rl_caption=\"\"><img loading=\"lazy\" decoding=\"async\" class=\"alignnone size-full wp-image-2441\" title=\"\" src=\"https:\/\/jlggb.net\/blog2\/wp-content\/uploads\/2010\/06\/colombo-1962.jpg\" alt=\"\" width=\"640\" height=\"480\" srcset=\"https:\/\/jlggb.net\/blog2\/wp-content\/uploads\/2010\/06\/colombo-1962.jpg 1280w, https:\/\/jlggb.net\/blog2\/wp-content\/uploads\/2010\/06\/colombo-1962-300x225.jpg 300w, https:\/\/jlggb.net\/blog2\/wp-content\/uploads\/2010\/06\/colombo-1962-1024x768.jpg 1024w, https:\/\/jlggb.net\/blog2\/wp-content\/uploads\/2010\/06\/colombo-1962-150x112.jpg 150w\" sizes=\"auto, (max-width: 640px) 100vw, 640px\" \/><\/a><br \/>\nSamedi 19 juin 2010, 11h30. Joe et Gianni Colombo, <em>N\u00b0 281 (Acrilica)<\/em>, lampe de bureau, 1962, r\u00e9sine acrylique, m\u00e9tal laqu\u00e9, 23,4 x 25,5 x 23,5 cm, collection Vitra Design Museum, Weil am Rhein. (Photo non autoris\u00e9e).<\/p>\n<p>Notes&nbsp;:<br \/>\nCette lampe est toujours fabriqu\u00e9e par Oluce&nbsp;: <a href=\"http:\/\/www.oluce.com\/products\/table\/colombo_281.php?lang=en&amp;menu=2&amp;submenu=1&amp;id=5\" target=\"_blank\" rel=\"noopener\">http:\/\/www.oluce.com\/products\/table\/colombo_281.php?lang=en&amp;menu=2&amp;submenu=1&amp;id=5<\/a><br \/>\nGianni Colombo (1937 &#8211; 1992), fr\u00e8re de Joe Colombo (1930 &#8211; 1971), participait \u00e0 l&rsquo;exposition de Grenoble, <em>Cin\u00e9tisme-Spectacle-environnement<\/em>, 1968. Voir <a href=\"https:\/\/jlggb.net\/blog2\/?p=846\" target=\"_self\">https:\/\/jlggb.net\/blog2\/?p=846<\/a> et <a href=\"http:\/\/jlggb.net\/blog\/?p=1013\" target=\"_self\">http:\/\/jlggb.net\/blog\/?p=1013<\/a>.<br \/>\nCini Boeri a choisi cette lampe pour le \u00ab New Design Museum \u00bb de la revue milanaise <em>Abitare<\/em>, juin 2010.<br \/>\nVoir <a href=\"http:\/\/www.abitare.it\/design-museum\/design-museum-%E2%80%93-cini-boeri-2\/\" target=\"_blank\" rel=\"noopener\">http:\/\/www.abitare.it\/design-museum\/design-museum-\u2013-cini-boeri-2\/<\/a>:<br \/>\n\u00ab\u00a0Lampada da tavolo Acrilica. Joe Colombo. Oluce, 1963 \u2013 ancora in produzione. The lamp consists of a piece of C-shaped Perspex diffuser and a metal base housing a fluorescent tube. The light is refracted up through the convector to produce an intriguing lighting effect. This was one of the first uses of plastic, without fibre optics, which exploited its qualities of convection and transmission. Its image is formally essential and perfect. It was awarded the Gold Medal at the XIII Milan Triennale.\u00a0\u00bb<\/p>\n<p><a href=\"https:\/\/jlggb.net\/blog2\/wp-content\/uploads\/2010\/06\/oluce-colombo.jpg\" data-rel=\"lightbox-image-1\" data-imagelightbox=\"1\" data-rl_title=\"\" data-rl_caption=\"\"><img loading=\"lazy\" decoding=\"async\" title=\"\" src=\"https:\/\/jlggb.net\/blog2\/wp-content\/uploads\/2010\/06\/oluce-colombo.jpg\" alt=\"\" width=\"240\" height=\"180\" \/><br \/>\n<\/a>Dessin de la lampe <em>N\u00b0 281<\/em>, Oluce.<\/p>\n<p style=\"text-align: center;\"><a href=\"https:\/\/jlggb.net\/blog2\/wp-content\/uploads\/2010\/06\/1968_cin\u00e9tisme_01.jpg\" target=\"_self\" data-rel=\"lightbox-image-2\" data-imagelightbox=\"2\" data-rl_title=\"\" data-rl_caption=\"\"><img loading=\"lazy\" decoding=\"async\" class=\"size-full wp-image-2634 aligncenter\" title=\"\" src=\"https:\/\/jlggb.net\/blog2\/wp-content\/uploads\/2010\/06\/gianni-colombo-1968-05.jpg\" alt=\"\" width=\"180\" height=\"180\" srcset=\"https:\/\/jlggb.net\/blog2\/wp-content\/uploads\/2010\/06\/gianni-colombo-1968-05.jpg 320w, https:\/\/jlggb.net\/blog2\/wp-content\/uploads\/2010\/06\/gianni-colombo-1968-05-150x150.jpg 150w, https:\/\/jlggb.net\/blog2\/wp-content\/uploads\/2010\/06\/gianni-colombo-1968-05-300x300.jpg 300w\" sizes=\"auto, (max-width: 180px) 100vw, 180px\" \/><\/a><\/p>\n<p><a href=\"https:\/\/jlggb.net\/blog2\/wp-content\/uploads\/2010\/06\/1968_cin\u00e9tisme_01.jpg\" data-rel=\"lightbox-image-3\" data-imagelightbox=\"3\" data-rl_title=\"\" data-rl_caption=\"\"><img loading=\"lazy\" decoding=\"async\" class=\"alignnone size-full wp-image-2625\" title=\"\" src=\"https:\/\/jlggb.net\/blog2\/wp-content\/uploads\/2010\/06\/1968_cin\u00e9tisme_01.jpg\" alt=\"\" width=\"640\" height=\"480\" \/><\/a><br \/>\nUne photo avec Gianni Colombo, \u00e0 l&rsquo;extr\u00e9mit\u00e9 de la table, \u00e0 Grenoble le 11 mai 1968 lors du pique-nique pour l\u2019ouverture de l\u2019exposition <em>Cin\u00e9tisme, spectacle, environnement<\/em> \u00e0 la Maison de la culture. On reconna\u00eet aussi&nbsp;: \u00e0 gauche, Rafael Martinez, Enzo Mari (avec une bouteille), Lela Mari (?); au centre, Frank Popper en conversation avec Robert Tanner; au premier plan, Aline Dallier. (Photo JLggB \u00a9 1968)<br \/>\nVoir, dans l&rsquo;article <a href=\"https:\/\/jlggb.net\/blog2\/?p=846\" target=\"_self\">\u00ab Couleurs actives \u00bb du 23 janvier 2010<\/a>, une autre photo du m\u00eame moment.<\/p>\n","protected":false},"excerpt":{"rendered":"<p>Samedi 19 juin 2010, 11h30. Joe et Gianni Colombo, N\u00b0 281 (Acrilica), lampe de bureau, 1962, r\u00e9sine acrylique, m\u00e9tal laqu\u00e9, 23,4 x 25,5 x 23,5 cm, collection Vitra Design Museum, Weil am Rhein. (Photo non autoris\u00e9e). Notes&nbsp;: Cette lampe est toujours fabriqu\u00e9e par Oluce&nbsp;: http:\/\/www.oluce.com\/products\/table\/colombo_281.php?lang=en&amp;menu=2&amp;submenu=1&amp;id=5 Gianni Colombo (1937 &#8211; 1992), fr\u00e8re de Joe Colombo (1930 &hellip; <a href=\"https:\/\/jlggb.net\/blog2\/?p=2440\" class=\"more-link\">Continuer la lecture de <span class=\"screen-reader-text\">N\u00b0 281 (Acrilica)<\/span><\/a><\/p>\n","protected":false},"author":2,"featured_media":0,"comment_status":"closed","ping_status":"closed","sticky":false,"template":"","format":"standard","meta":{"footnotes":""},"categories":[50,57,26],"tags":[388,130],"class_list":["post-2440","post","type-post","status-publish","format-standard","hentry","category-design","category-histoire","category-objet","tag-colombo","tag-lampe"],"_links":{"self":[{"href":"https:\/\/jlggb.net\/blog2\/index.php?rest_route=\/wp\/v2\/posts\/2440","targetHints":{"allow":["GET"]}}],"collection":[{"href":"https:\/\/jlggb.net\/blog2\/index.php?rest_route=\/wp\/v2\/posts"}],"about":[{"href":"https:\/\/jlggb.net\/blog2\/index.php?rest_route=\/wp\/v2\/types\/post"}],"author":[{"embeddable":true,"href":"https:\/\/jlggb.net\/blog2\/index.php?rest_route=\/wp\/v2\/users\/2"}],"replies":[{"embeddable":true,"href":"https:\/\/jlggb.net\/blog2\/index.php?rest_route=%2Fwp%2Fv2%2Fcomments&post=2440"}],"version-history":[{"count":4,"href":"https:\/\/jlggb.net\/blog2\/index.php?rest_route=\/wp\/v2\/posts\/2440\/revisions"}],"predecessor-version":[{"id":8573,"href":"https:\/\/jlggb.net\/blog2\/index.php?rest_route=\/wp\/v2\/posts\/2440\/revisions\/8573"}],"wp:attachment":[{"href":"https:\/\/jlggb.net\/blog2\/index.php?rest_route=%2Fwp%2Fv2%2Fmedia&parent=2440"}],"wp:term":[{"taxonomy":"category","embeddable":true,"href":"https:\/\/jlggb.net\/blog2\/index.php?rest_route=%2Fwp%2Fv2%2Fcategories&post=2440"},{"taxonomy":"post_tag","embeddable":true,"href":"https:\/\/jlggb.net\/blog2\/index.php?rest_route=%2Fwp%2Fv2%2Ftags&post=2440"}],"curies":[{"name":"wp","href":"https:\/\/api.w.org\/{rel}","templated":true}]}}