{"id":2409,"date":"2010-06-19T10:00:26","date_gmt":"2010-06-19T08:00:26","guid":{"rendered":"http:\/\/jlggb.net\/blog2\/?p=2409"},"modified":"2010-06-21T22:21:20","modified_gmt":"2010-06-21T20:21:20","slug":"vitrahaus","status":"publish","type":"post","link":"https:\/\/jlggb.net\/blog2\/?p=2409","title":{"rendered":"VitraHaus"},"content":{"rendered":"<p><a href=\"https:\/\/jlggb.net\/blog2\/wp-content\/uploads\/2010\/06\/VitraHaus-pano.jpg\" data-rel=\"lightbox-image-0\" data-imagelightbox=\"0\" data-rl_title=\"\" data-rl_caption=\"\"><img loading=\"lazy\" decoding=\"async\" class=\"alignnone size-full wp-image-2458\" title=\"\" src=\"https:\/\/jlggb.net\/blog2\/wp-content\/uploads\/2010\/06\/VitraHaus-pano.jpg\" alt=\"\" width=\"640\" height=\"853\" srcset=\"https:\/\/jlggb.net\/blog2\/wp-content\/uploads\/2010\/06\/VitraHaus-pano.jpg 1280w, https:\/\/jlggb.net\/blog2\/wp-content\/uploads\/2010\/06\/VitraHaus-pano-224x300.jpg 224w, https:\/\/jlggb.net\/blog2\/wp-content\/uploads\/2010\/06\/VitraHaus-pano-767x1024.jpg 767w, https:\/\/jlggb.net\/blog2\/wp-content\/uploads\/2010\/06\/VitraHaus-pano-112x150.jpg 112w\" sizes=\"auto, (max-width: 640px) 100vw, 640px\" \/><\/a><br \/>\nVitraHaus, depuis l&rsquo;int\u00e9rieur.<\/p>\n<p>Samedi 19 juin 2010, 10h-12h, VitraHaus, Charles-Eames-Str, Weil am Rhein (Allemagne, tout pr\u00e8s de B\u00e2le). Le \u00ab\u00a0campus\u00a0\u00bb Vitra, s&rsquo;est augment\u00e9 en 2010 de la VitraHaus, dessin\u00e9e par Herzog et de Meuron, un empilement de \u00ab\u00a0maisons\u00a0\u00bb. C&rsquo;est une esp\u00e8ce de <em>showroom<\/em> de la production des meubles Vitra.<\/p>\n<p><a href=\"https:\/\/jlggb.net\/blog2\/wp-content\/uploads\/2010\/06\/vitra-vue.jpg\" data-rel=\"lightbox-image-1\" data-imagelightbox=\"1\" data-rl_title=\"\" data-rl_caption=\"\"><img loading=\"lazy\" decoding=\"async\" class=\"alignnone size-full wp-image-2414\" title=\"\" src=\"https:\/\/jlggb.net\/blog2\/wp-content\/uploads\/2010\/06\/vitra-vue.jpg\" alt=\"\" width=\"640\" height=\"480\" srcset=\"https:\/\/jlggb.net\/blog2\/wp-content\/uploads\/2010\/06\/vitra-vue.jpg 1280w, https:\/\/jlggb.net\/blog2\/wp-content\/uploads\/2010\/06\/vitra-vue-300x225.jpg 300w, https:\/\/jlggb.net\/blog2\/wp-content\/uploads\/2010\/06\/vitra-vue-1024x768.jpg 1024w, https:\/\/jlggb.net\/blog2\/wp-content\/uploads\/2010\/06\/vitra-vue-150x112.jpg 150w\" sizes=\"auto, (max-width: 640px) 100vw, 640px\" \/><\/a><br \/>\n<a href=\"https:\/\/jlggb.net\/blog2\/wp-content\/uploads\/2010\/06\/vitra-pluie.jpg\" data-rel=\"lightbox-image-2\" data-imagelightbox=\"2\" data-rl_title=\"\" data-rl_caption=\"\"><img loading=\"lazy\" decoding=\"async\" class=\"alignnone size-full wp-image-2415\" title=\"\" src=\"https:\/\/jlggb.net\/blog2\/wp-content\/uploads\/2010\/06\/vitra-pluie.jpg\" alt=\"\" width=\"640\" height=\"480\" srcset=\"https:\/\/jlggb.net\/blog2\/wp-content\/uploads\/2010\/06\/vitra-pluie.jpg 1280w, https:\/\/jlggb.net\/blog2\/wp-content\/uploads\/2010\/06\/vitra-pluie-300x225.jpg 300w, https:\/\/jlggb.net\/blog2\/wp-content\/uploads\/2010\/06\/vitra-pluie-1024x768.jpg 1024w, https:\/\/jlggb.net\/blog2\/wp-content\/uploads\/2010\/06\/vitra-pluie-150x112.jpg 150w\" sizes=\"auto, (max-width: 640px) 100vw, 640px\" \/><\/a><br \/>\nPaysage vu \u00e0 travers la baie de l&rsquo;\u00e9tage sup\u00e9rieur vers l&rsquo;est. Le b\u00e2timent vu \u00e0 travers le pare-brise de l&rsquo;auto sous la pluie.<\/p>\n","protected":false},"excerpt":{"rendered":"<p>VitraHaus, depuis l&rsquo;int\u00e9rieur. Samedi 19 juin 2010, 10h-12h, VitraHaus, Charles-Eames-Str, Weil am Rhein (Allemagne, tout pr\u00e8s de B\u00e2le). Le \u00ab\u00a0campus\u00a0\u00bb Vitra, s&rsquo;est augment\u00e9 en 2010 de la VitraHaus, dessin\u00e9e par Herzog et de Meuron, un empilement de \u00ab\u00a0maisons\u00a0\u00bb. C&rsquo;est une esp\u00e8ce de showroom de la production des meubles Vitra. Paysage vu \u00e0 travers la baie &hellip; <a href=\"https:\/\/jlggb.net\/blog2\/?p=2409\" class=\"more-link\">Continuer la lecture de <span class=\"screen-reader-text\">VitraHaus<\/span><\/a><\/p>\n","protected":false},"author":2,"featured_media":0,"comment_status":"closed","ping_status":"closed","sticky":false,"template":"","format":"standard","meta":{"footnotes":""},"categories":[45,50,95,211],"tags":[384,383],"class_list":["post-2409","post","type-post","status-publish","format-standard","hentry","category-architecture","category-design","category-exposition","category-vue","tag-herzog-de-meuron","tag-vitra"],"_links":{"self":[{"href":"https:\/\/jlggb.net\/blog2\/index.php?rest_route=\/wp\/v2\/posts\/2409","targetHints":{"allow":["GET"]}}],"collection":[{"href":"https:\/\/jlggb.net\/blog2\/index.php?rest_route=\/wp\/v2\/posts"}],"about":[{"href":"https:\/\/jlggb.net\/blog2\/index.php?rest_route=\/wp\/v2\/types\/post"}],"author":[{"embeddable":true,"href":"https:\/\/jlggb.net\/blog2\/index.php?rest_route=\/wp\/v2\/users\/2"}],"replies":[{"embeddable":true,"href":"https:\/\/jlggb.net\/blog2\/index.php?rest_route=%2Fwp%2Fv2%2Fcomments&post=2409"}],"version-history":[{"count":0,"href":"https:\/\/jlggb.net\/blog2\/index.php?rest_route=\/wp\/v2\/posts\/2409\/revisions"}],"wp:attachment":[{"href":"https:\/\/jlggb.net\/blog2\/index.php?rest_route=%2Fwp%2Fv2%2Fmedia&parent=2409"}],"wp:term":[{"taxonomy":"category","embeddable":true,"href":"https:\/\/jlggb.net\/blog2\/index.php?rest_route=%2Fwp%2Fv2%2Fcategories&post=2409"},{"taxonomy":"post_tag","embeddable":true,"href":"https:\/\/jlggb.net\/blog2\/index.php?rest_route=%2Fwp%2Fv2%2Ftags&post=2409"}],"curies":[{"name":"wp","href":"https:\/\/api.w.org\/{rel}","templated":true}]}}