{"id":2392,"date":"2010-06-12T17:00:02","date_gmt":"2010-06-12T15:00:02","guid":{"rendered":"http:\/\/jlggb.net\/blog2\/?p=2392"},"modified":"2020-05-30T14:54:38","modified_gmt":"2020-05-30T13:54:38","slug":"un-nouveau-lieu-au-bord-de-la-seine","status":"publish","type":"post","link":"https:\/\/jlggb.net\/blog2\/?p=2392","title":{"rendered":"Un nouveau lieu au bord de la Seine"},"content":{"rendered":"<p><a href=\"https:\/\/jlggb.net\/blog2\/wp-content\/uploads\/2010\/06\/des-0.jpg\" data-rel=\"lightbox-image-0\" data-imagelightbox=\"0\" data-rl_title=\"\" data-rl_caption=\"\"><img loading=\"lazy\" decoding=\"async\" class=\"alignnone size-full wp-image-2393\" title=\"\" src=\"https:\/\/jlggb.net\/blog2\/wp-content\/uploads\/2010\/06\/des-0.jpg\" alt=\"\" width=\"640\" height=\"480\" srcset=\"https:\/\/jlggb.net\/blog2\/wp-content\/uploads\/2010\/06\/des-0.jpg 1280w, https:\/\/jlggb.net\/blog2\/wp-content\/uploads\/2010\/06\/des-0-300x225.jpg 300w, https:\/\/jlggb.net\/blog2\/wp-content\/uploads\/2010\/06\/des-0-1024x768.jpg 1024w, https:\/\/jlggb.net\/blog2\/wp-content\/uploads\/2010\/06\/des-0-150x112.jpg 150w\" sizes=\"auto, (max-width: 640px) 100vw, 640px\" \/><\/a><a href=\"https:\/\/jlggb.net\/blog2\/wp-content\/uploads\/2010\/06\/des-1.jpg\" data-rel=\"lightbox-image-1\" data-imagelightbox=\"1\" data-rl_title=\"\" data-rl_caption=\"\"><img loading=\"lazy\" decoding=\"async\" class=\"alignnone size-full wp-image-2394\" title=\"\" src=\"https:\/\/jlggb.net\/blog2\/wp-content\/uploads\/2010\/06\/des-1.jpg\" alt=\"\" width=\"640\" height=\"480\" srcset=\"https:\/\/jlggb.net\/blog2\/wp-content\/uploads\/2010\/06\/des-1.jpg 1280w, https:\/\/jlggb.net\/blog2\/wp-content\/uploads\/2010\/06\/des-1-300x225.jpg 300w, https:\/\/jlggb.net\/blog2\/wp-content\/uploads\/2010\/06\/des-1-1024x768.jpg 1024w, https:\/\/jlggb.net\/blog2\/wp-content\/uploads\/2010\/06\/des-1-150x112.jpg 150w\" sizes=\"auto, (max-width: 640px) 100vw, 640px\" \/><\/a><br \/>\nSamedi 12 juin 2010, 16h30, Docks en Seine, Cit\u00e9 de la mode et du design, quai d&rsquo;Austerlitz, Paris 13e. Le b\u00e2timent existant a \u00e9t\u00e9 construit en 1907 comme entrep\u00f4t industriel pour le Port de Paris, il fut l&rsquo;un des premiers \u00e0 employer une structure de b\u00e9ton arm\u00e9. La transformation par Jakob et Mac Farlane (<a href=\"http:\/\/www.jakobmacfarlane.com\/\" target=\"_blank\" rel=\"noopener\">http:\/\/www.jakobmacfarlane.com\/<\/a>) est \u00e0 la fois exp\u00e9rimentale et r\u00e9ussie \u2014 \u00ab Ce truc vert coll\u00e9 sur le b\u00e2timent doit \u00eatre de l&rsquo;architecture. Chacun ses go\u00fbts \u00bb avait dit en 2008 le Pr\u00e9sident de la R\u00e9publique. Les circulations et surtout la terrasse sont \u00e9tonnantes , simples et agr\u00e9ables.<\/p>\n<blockquote><p><a href=\"https:\/\/jlggb.net\/blog2\/wp-content\/uploads\/2010\/06\/dj-bmf.jpg\" data-rel=\"lightbox-image-2\" data-imagelightbox=\"2\" data-rl_title=\"\" data-rl_caption=\"\"><img loading=\"lazy\" decoding=\"async\" class=\"alignnone size-full wp-image-2405\" title=\"\" src=\"https:\/\/jlggb.net\/blog2\/wp-content\/uploads\/2010\/06\/dj-bmf.jpg\" alt=\"\" width=\"180\" height=\"128\" srcset=\"https:\/\/jlggb.net\/blog2\/wp-content\/uploads\/2010\/06\/dj-bmf.jpg 280w, https:\/\/jlggb.net\/blog2\/wp-content\/uploads\/2010\/06\/dj-bmf-150x107.jpg 150w\" sizes=\"auto, (max-width: 180px) 100vw, 180px\" \/><\/a><br \/>\nBrendan MacFarlane et Dominque Jakob (dr).<\/p><\/blockquote>\n","protected":false},"excerpt":{"rendered":"<p>Samedi 12 juin 2010, 16h30, Docks en Seine, Cit\u00e9 de la mode et du design, quai d&rsquo;Austerlitz, Paris 13e. Le b\u00e2timent existant a \u00e9t\u00e9 construit en 1907 comme entrep\u00f4t industriel pour le Port de Paris, il fut l&rsquo;un des premiers \u00e0 employer une structure de b\u00e9ton arm\u00e9. La transformation par Jakob et Mac Farlane (http:\/\/www.jakobmacfarlane.com\/) &hellip; <a href=\"https:\/\/jlggb.net\/blog2\/?p=2392\" class=\"more-link\">Continuer la lecture de <span class=\"screen-reader-text\">Un nouveau lieu au bord de la Seine<\/span><\/a><\/p>\n","protected":false},"author":2,"featured_media":0,"comment_status":"closed","ping_status":"closed","sticky":false,"template":"","format":"standard","meta":{"footnotes":""},"categories":[45,144],"tags":[382,230,381],"class_list":["post-2392","post","type-post","status-publish","format-standard","hentry","category-architecture","category-escalier","tag-jakob-mac-farlane","tag-paris","tag-seine"],"_links":{"self":[{"href":"https:\/\/jlggb.net\/blog2\/index.php?rest_route=\/wp\/v2\/posts\/2392","targetHints":{"allow":["GET"]}}],"collection":[{"href":"https:\/\/jlggb.net\/blog2\/index.php?rest_route=\/wp\/v2\/posts"}],"about":[{"href":"https:\/\/jlggb.net\/blog2\/index.php?rest_route=\/wp\/v2\/types\/post"}],"author":[{"embeddable":true,"href":"https:\/\/jlggb.net\/blog2\/index.php?rest_route=\/wp\/v2\/users\/2"}],"replies":[{"embeddable":true,"href":"https:\/\/jlggb.net\/blog2\/index.php?rest_route=%2Fwp%2Fv2%2Fcomments&post=2392"}],"version-history":[{"count":2,"href":"https:\/\/jlggb.net\/blog2\/index.php?rest_route=\/wp\/v2\/posts\/2392\/revisions"}],"predecessor-version":[{"id":8313,"href":"https:\/\/jlggb.net\/blog2\/index.php?rest_route=\/wp\/v2\/posts\/2392\/revisions\/8313"}],"wp:attachment":[{"href":"https:\/\/jlggb.net\/blog2\/index.php?rest_route=%2Fwp%2Fv2%2Fmedia&parent=2392"}],"wp:term":[{"taxonomy":"category","embeddable":true,"href":"https:\/\/jlggb.net\/blog2\/index.php?rest_route=%2Fwp%2Fv2%2Fcategories&post=2392"},{"taxonomy":"post_tag","embeddable":true,"href":"https:\/\/jlggb.net\/blog2\/index.php?rest_route=%2Fwp%2Fv2%2Ftags&post=2392"}],"curies":[{"name":"wp","href":"https:\/\/api.w.org\/{rel}","templated":true}]}}