{"id":233,"date":"2009-12-12T12:00:46","date_gmt":"2009-12-12T12:00:46","guid":{"rendered":"http:\/\/jlggb.net\/blog2\/?p=233"},"modified":"2009-12-17T20:49:51","modified_gmt":"2009-12-17T20:49:51","slug":"lhistoire-a-la-porte-a-cote","status":"publish","type":"post","link":"https:\/\/jlggb.net\/blog2\/?p=233","title":{"rendered":"L&rsquo;histoire, la porte \u00e0 c\u00f4t\u00e9"},"content":{"rendered":"<p><a href=\"https:\/\/jlggb.net\/blog2\/wp-content\/uploads\/2009\/12\/marcel-rajman.jpg\" data-rel=\"lightbox-image-0\" data-imagelightbox=\"0\" data-rl_title=\"\" data-rl_caption=\"\"><img loading=\"lazy\" decoding=\"async\" class=\"alignnone size-full wp-image-234\" title=\"\" src=\"https:\/\/jlggb.net\/blog2\/wp-content\/uploads\/2009\/12\/marcel-rajman.jpg\" alt=\"marcel-rajman\" width=\"640\" height=\"480\" srcset=\"https:\/\/jlggb.net\/blog2\/wp-content\/uploads\/2009\/12\/marcel-rajman.jpg 1280w, https:\/\/jlggb.net\/blog2\/wp-content\/uploads\/2009\/12\/marcel-rajman-300x225.jpg 300w, https:\/\/jlggb.net\/blog2\/wp-content\/uploads\/2009\/12\/marcel-rajman-1024x768.jpg 1024w\" sizes=\"auto, (max-width: 640px) 100vw, 640px\" \/><\/a><br \/>\nSamedi 12 d\u00e9cembre 2009, 11h30, 1 rue des Immeubles industriels, Paris, 11e. Parce que c&rsquo;est dans une rue voisine, on conna\u00eet la plaque&nbsp;: \u00ab ICI HABITAIT MARCEL RAJMAN FRANC TIREUR PARTISAN MOI UN DES 23 DE L&rsquo;AFFICHE ROUGE FUSILL\u00c9 AU MONT VAL\u00c9RIEN LE 21 F\u00c9VRIER 1944 \u00c0 L&rsquo;\u00c2GE DE 21 ANS MORT POUR LA FRANCE \u00bb. Mais, r\u00e9v\u00e9l\u00e9e hier dans <em>Lib\u00e9ration<\/em>, la photo de l&rsquo;ex\u00e9cution, faite clandestinement par un sous-officier allemand, invite \u00e0 la consid\u00e9rer \u00e0 nouveau.<\/p>\n<p style=\"text-align: center;\"><a href=\"https:\/\/jlggb.net\/blog2\/wp-content\/uploads\/2009\/12\/21-02-1944.jpg\" data-rel=\"lightbox-image-1\" data-imagelightbox=\"1\" data-rl_title=\"\" data-rl_caption=\"\"><img loading=\"lazy\" decoding=\"async\" class=\"alignnone size-full wp-image-236\" title=\"\" src=\"https:\/\/jlggb.net\/blog2\/wp-content\/uploads\/2009\/12\/21-02-1944.jpg\" alt=\"21-02-1944\" width=\"180\" height=\"120\" srcset=\"https:\/\/jlggb.net\/blog2\/wp-content\/uploads\/2009\/12\/21-02-1944.jpg 459w, https:\/\/jlggb.net\/blog2\/wp-content\/uploads\/2009\/12\/21-02-1944-300x200.jpg 300w\" sizes=\"auto, (max-width: 180px) 100vw, 180px\" \/><\/a><\/p>\n<p style=\"text-align: center;\">Celestino Alfonso, Wolf Josef Boczor, Emeric Glasz et Marcel Rajman, face au peloton d&rsquo;ex\u00e9cution le 21 f\u00e9vrier 1944. Photo prise par Clemens R\u00fcther (<em>Lib\u00e9ration<\/em> du 11 d\u00e9cembre 2009, AFP).<a href=\"https:\/\/jlggb.net\/blog2\/wp-pdf\/21fevrier1944.pdf\" target=\"_self\"><br \/>\nT\u00e9l\u00e9charger l&rsquo;article de <em>Lib\u00e9ration<\/em>.<\/a><\/p>\n<p style=\"text-align: center;\"><a href=\"https:\/\/jlggb.net\/blog2\/wp-content\/uploads\/2009\/12\/Bundesarchiv_Bild_146-1983-009-09A_Franz\u00f6sischer_Widerstandsk\u00e4mpfer.jpg\" data-rel=\"lightbox-image-2\" data-imagelightbox=\"2\" data-rl_title=\"\" data-rl_caption=\"\"><img loading=\"lazy\" decoding=\"async\" class=\"alignnone size-full wp-image-338\" title=\"\" src=\"https:\/\/jlggb.net\/blog2\/wp-content\/uploads\/2009\/12\/Bundesarchiv_Bild_146-1983-009-09A_Franz\u00f6sischer_Widerstandsk\u00e4mpfer.jpg\" alt=\"Bild 146-1983-009-09A\" width=\"180\" height=\"250\" \/><\/a><\/p>\n<p style=\"text-align: center;\">Bundesarchiv Bild 146-1983-009-09A, Franzo?sischer Widerstandsk\u00e4mpfer.<br \/>\nMarcel Rajman, n\u00e9 \u00e0 Varsovie le 1er mai 1923.<\/p>\n<p style=\"text-align: center;\">\n","protected":false},"excerpt":{"rendered":"<p>Samedi 12 d\u00e9cembre 2009, 11h30, 1 rue des Immeubles industriels, Paris, 11e. Parce que c&rsquo;est dans une rue voisine, on conna\u00eet la plaque&nbsp;: \u00ab ICI HABITAIT MARCEL RAJMAN FRANC TIREUR PARTISAN MOI UN DES 23 DE L&rsquo;AFFICHE ROUGE FUSILL\u00c9 AU MONT VAL\u00c9RIEN LE 21 F\u00c9VRIER 1944 \u00c0 L&rsquo;\u00c2GE DE 21 ANS MORT POUR LA FRANCE &hellip; <a href=\"https:\/\/jlggb.net\/blog2\/?p=233\" class=\"more-link\">Continuer la lecture de <span class=\"screen-reader-text\">L&rsquo;histoire, la porte \u00e0 c\u00f4t\u00e9<\/span><\/a><\/p>\n","protected":false},"author":2,"featured_media":0,"comment_status":"closed","ping_status":"closed","sticky":false,"template":"","format":"standard","meta":{"footnotes":""},"categories":[5,57,30],"tags":[60,58,59],"class_list":["post-233","post","type-post","status-publish","format-standard","hentry","category-evenement","category-histoire","category-personne","tag-affiche-rouge","tag-marcel-rajman","tag-rue-des-immeubles-industriels"],"_links":{"self":[{"href":"https:\/\/jlggb.net\/blog2\/index.php?rest_route=\/wp\/v2\/posts\/233","targetHints":{"allow":["GET"]}}],"collection":[{"href":"https:\/\/jlggb.net\/blog2\/index.php?rest_route=\/wp\/v2\/posts"}],"about":[{"href":"https:\/\/jlggb.net\/blog2\/index.php?rest_route=\/wp\/v2\/types\/post"}],"author":[{"embeddable":true,"href":"https:\/\/jlggb.net\/blog2\/index.php?rest_route=\/wp\/v2\/users\/2"}],"replies":[{"embeddable":true,"href":"https:\/\/jlggb.net\/blog2\/index.php?rest_route=%2Fwp%2Fv2%2Fcomments&post=233"}],"version-history":[{"count":0,"href":"https:\/\/jlggb.net\/blog2\/index.php?rest_route=\/wp\/v2\/posts\/233\/revisions"}],"wp:attachment":[{"href":"https:\/\/jlggb.net\/blog2\/index.php?rest_route=%2Fwp%2Fv2%2Fmedia&parent=233"}],"wp:term":[{"taxonomy":"category","embeddable":true,"href":"https:\/\/jlggb.net\/blog2\/index.php?rest_route=%2Fwp%2Fv2%2Fcategories&post=233"},{"taxonomy":"post_tag","embeddable":true,"href":"https:\/\/jlggb.net\/blog2\/index.php?rest_route=%2Fwp%2Fv2%2Ftags&post=233"}],"curies":[{"name":"wp","href":"https:\/\/api.w.org\/{rel}","templated":true}]}}