{"id":2263,"date":"2010-05-29T13:30:51","date_gmt":"2010-05-29T11:30:51","guid":{"rendered":"http:\/\/jlggb.net\/blog2\/?p=2263"},"modified":"2010-05-30T16:20:37","modified_gmt":"2010-05-30T14:20:37","slug":"incendie","status":"publish","type":"post","link":"https:\/\/jlggb.net\/blog2\/?p=2263","title":{"rendered":"Paysage urbain avec incendie"},"content":{"rendered":"<p><a href=\"https:\/\/jlggb.net\/blog2\/wp-content\/uploads\/2010\/05\/macdonald.jpg\" data-rel=\"lightbox-image-0\" data-imagelightbox=\"0\" data-rl_title=\"\" data-rl_caption=\"\"><img loading=\"lazy\" decoding=\"async\" class=\"alignnone size-full wp-image-2281\" title=\"\" src=\"https:\/\/jlggb.net\/blog2\/wp-content\/uploads\/2010\/05\/macdonald.jpg\" alt=\"\" width=\"640\" height=\"480\" srcset=\"https:\/\/jlggb.net\/blog2\/wp-content\/uploads\/2010\/05\/macdonald.jpg 1280w, https:\/\/jlggb.net\/blog2\/wp-content\/uploads\/2010\/05\/macdonald-300x225.jpg 300w, https:\/\/jlggb.net\/blog2\/wp-content\/uploads\/2010\/05\/macdonald-1024x768.jpg 1024w, https:\/\/jlggb.net\/blog2\/wp-content\/uploads\/2010\/05\/macdonald-150x112.jpg 150w\" sizes=\"auto, (max-width: 640px) 100vw, 640px\" \/><\/a><br \/>\n<a href=\"https:\/\/jlggb.net\/blog2\/wp-content\/uploads\/2010\/05\/incendie-Gennevilliers.jpg\" data-rel=\"lightbox-image-1\" data-imagelightbox=\"1\" data-rl_title=\"\" data-rl_caption=\"\"><img loading=\"lazy\" decoding=\"async\" class=\"alignnone size-full wp-image-2264\" title=\"\" src=\"https:\/\/jlggb.net\/blog2\/wp-content\/uploads\/2010\/05\/incendie-Gennevilliers.jpg\" alt=\"\" width=\"640\" height=\"480\" \/><\/a><br \/>\nSamedi 29 mai 2010, 13h35, en visitant les entrep\u00f4ts du Boulevard Macdonald, Paris 18e (600 m\u00e8tres de long, destin\u00e9s \u00e0 \u00eatre transform\u00e9s en gigantesque complexe d&rsquo;habitation et d&rsquo;activit\u00e9s), on voit un incendie au nord-ouest et on se dit que ce doit \u00eatre du c\u00f4t\u00e9 de Gennevilliers ou d&rsquo;Argenteuil. Rien \u00ab en direct \u00bb sur le iPhone. Le soir, on trouve cette nouvelle AFP reprise un grand nombre de fois&nbsp;:<\/p>\n<blockquote><p>NANTERRE, 29 mai 2010 (AFP) &#8211; Un spectaculaire incendie ravageait samedi apr\u00e8s-midi un entrep\u00f4t situ\u00e9 dans une zone industrielle \u00e0 Gennevilliers (Hauts-de-Seine) \u2014 avenue Louis-Roche \u2014, a-t-on appris de sources polici\u00e8res. Le feu s\u2019est d\u00e9clar\u00e9 vers 12H50 dans cet entrep\u00f4t de 3.000 m\u00e8tres carr\u00e9s et d\u2019une hauteur d\u2019une vingtaine de m\u00e8tres, servant de stockage pour plusieurs entreprises (tapis et v\u00eatements, notamment). Une \u00e9paisse fum\u00e9e noire se d\u00e9gageait de l\u2019incendie visible des kilom\u00e8tres \u00e0 la ronde. Aucune victime n\u2019\u00e9tait \u00e0 d\u00e9plorer et il n\u2019y avait pas de risque de contagion \u00e0 d\u2019autres b\u00e2timents, a indiqu\u00e9 une source polici\u00e8re. Un bar situ\u00e9 \u00e0 proximit\u00e9 a toutefois \u00e9t\u00e9 \u00e9vacu\u00e9 par mesure de s\u00e9curit\u00e9. L\u2019origine du sinistre \u00e9tait inconnue en fin d\u2019apr\u00e8s-midi. Vers 18H00, plus d\u2019une centaine de pompiers \u00e9taient toujours mobilis\u00e9s pour tenter d\u2019\u00e9teindre les flammes.<\/p><\/blockquote>\n<blockquote><p><a href=\"https:\/\/jlggb.net\/blog2\/wp-content\/uploads\/2010\/05\/gizmo75.jpg\" data-rel=\"lightbox-image-2\" data-imagelightbox=\"2\" data-rl_title=\"\" data-rl_caption=\"\"><img loading=\"lazy\" decoding=\"async\" class=\"alignnone size-full wp-image-2271\" title=\"\" src=\"https:\/\/jlggb.net\/blog2\/wp-content\/uploads\/2010\/05\/gizmo75.jpg\" alt=\"\" width=\"400\" height=\"300\" srcset=\"https:\/\/jlggb.net\/blog2\/wp-content\/uploads\/2010\/05\/gizmo75.jpg 600w, https:\/\/jlggb.net\/blog2\/wp-content\/uploads\/2010\/05\/gizmo75-300x225.jpg 300w, https:\/\/jlggb.net\/blog2\/wp-content\/uploads\/2010\/05\/gizmo75-150x112.jpg 150w\" sizes=\"auto, (max-width: 400px) 100vw, 400px\" \/><br \/>\n<\/a><a href=\"http:\/\/you.leparisien.fr\/actu\/2010\/05\/29\/photos-de-l-incendie-a-gennevilliers-1761.html\" target=\"_blank\">Photo envoy\u00e9e \u00e0 l&rsquo;\u00ab espace communautaire \u00bb YOU (<em>Le Parisien<\/em>)<\/a>.<\/p><\/blockquote>\n<p><a href=\"https:\/\/jlggb.net\/blog2\/wp-content\/uploads\/2010\/05\/gizmo75.jpg\" data-rel=\"lightbox-image-3\" data-imagelightbox=\"3\" data-rl_title=\"\" data-rl_caption=\"\" title=\"\"><br \/>\n<\/a><a href=\"https:\/\/jlggb.net\/blog2\/wp-content\/uploads\/2010\/05\/louis-roche-1.jpg\" data-rel=\"lightbox-image-4\" data-imagelightbox=\"4\" data-rl_title=\"\" data-rl_caption=\"\"><img loading=\"lazy\" decoding=\"async\" class=\"alignnone size-full wp-image-2272\" title=\"\" src=\"https:\/\/jlggb.net\/blog2\/wp-content\/uploads\/2010\/05\/louis-roche-1.jpg\" alt=\"\" width=\"640\" height=\"320\" srcset=\"https:\/\/jlggb.net\/blog2\/wp-content\/uploads\/2010\/05\/louis-roche-1.jpg 1280w, https:\/\/jlggb.net\/blog2\/wp-content\/uploads\/2010\/05\/louis-roche-1-300x150.jpg 300w, https:\/\/jlggb.net\/blog2\/wp-content\/uploads\/2010\/05\/louis-roche-1-1024x512.jpg 1024w, https:\/\/jlggb.net\/blog2\/wp-content\/uploads\/2010\/05\/louis-roche-1-150x75.jpg 150w\" sizes=\"auto, (max-width: 640px) 100vw, 640px\" \/><\/a><a href=\"https:\/\/jlggb.net\/blog2\/wp-content\/uploads\/2010\/05\/louis-roche-2.jpg\" data-rel=\"lightbox-image-5\" data-imagelightbox=\"5\" data-rl_title=\"\" data-rl_caption=\"\"><img loading=\"lazy\" decoding=\"async\" class=\"alignnone size-full wp-image-2273\" title=\"\" src=\"https:\/\/jlggb.net\/blog2\/wp-content\/uploads\/2010\/05\/louis-roche-2.jpg\" alt=\"\" width=\"640\" height=\"320\" srcset=\"https:\/\/jlggb.net\/blog2\/wp-content\/uploads\/2010\/05\/louis-roche-2.jpg 1280w, https:\/\/jlggb.net\/blog2\/wp-content\/uploads\/2010\/05\/louis-roche-2-300x150.jpg 300w, https:\/\/jlggb.net\/blog2\/wp-content\/uploads\/2010\/05\/louis-roche-2-1024x512.jpg 1024w, https:\/\/jlggb.net\/blog2\/wp-content\/uploads\/2010\/05\/louis-roche-2-150x75.jpg 150w\" sizes=\"auto, (max-width: 640px) 100vw, 640px\" \/><\/a><br \/>\nLes lieux (du futur incendie), sur Google Maps Street View.<\/p>\n","protected":false},"excerpt":{"rendered":"<p>Samedi 29 mai 2010, 13h35, en visitant les entrep\u00f4ts du Boulevard Macdonald, Paris 18e (600 m\u00e8tres de long, destin\u00e9s \u00e0 \u00eatre transform\u00e9s en gigantesque complexe d&rsquo;habitation et d&rsquo;activit\u00e9s), on voit un incendie au nord-ouest et on se dit que ce doit \u00eatre du c\u00f4t\u00e9 de Gennevilliers ou d&rsquo;Argenteuil. Rien \u00ab en direct \u00bb sur le &hellip; <a href=\"https:\/\/jlggb.net\/blog2\/?p=2263\" class=\"more-link\">Continuer la lecture de <span class=\"screen-reader-text\">Paysage urbain avec incendie<\/span><\/a><\/p>\n","protected":false},"author":2,"featured_media":0,"comment_status":"closed","ping_status":"closed","sticky":false,"template":"","format":"standard","meta":{"footnotes":""},"categories":[5,368,17,211],"tags":[369,367,366,920,230],"class_list":["post-2263","post","type-post","status-publish","format-standard","hentry","category-evenement","category-information","category-observation","category-vue","tag-construction","tag-feu","tag-genevilliers","tag-information","tag-paris"],"_links":{"self":[{"href":"https:\/\/jlggb.net\/blog2\/index.php?rest_route=\/wp\/v2\/posts\/2263","targetHints":{"allow":["GET"]}}],"collection":[{"href":"https:\/\/jlggb.net\/blog2\/index.php?rest_route=\/wp\/v2\/posts"}],"about":[{"href":"https:\/\/jlggb.net\/blog2\/index.php?rest_route=\/wp\/v2\/types\/post"}],"author":[{"embeddable":true,"href":"https:\/\/jlggb.net\/blog2\/index.php?rest_route=\/wp\/v2\/users\/2"}],"replies":[{"embeddable":true,"href":"https:\/\/jlggb.net\/blog2\/index.php?rest_route=%2Fwp%2Fv2%2Fcomments&post=2263"}],"version-history":[{"count":0,"href":"https:\/\/jlggb.net\/blog2\/index.php?rest_route=\/wp\/v2\/posts\/2263\/revisions"}],"wp:attachment":[{"href":"https:\/\/jlggb.net\/blog2\/index.php?rest_route=%2Fwp%2Fv2%2Fmedia&parent=2263"}],"wp:term":[{"taxonomy":"category","embeddable":true,"href":"https:\/\/jlggb.net\/blog2\/index.php?rest_route=%2Fwp%2Fv2%2Fcategories&post=2263"},{"taxonomy":"post_tag","embeddable":true,"href":"https:\/\/jlggb.net\/blog2\/index.php?rest_route=%2Fwp%2Fv2%2Ftags&post=2263"}],"curies":[{"name":"wp","href":"https:\/\/api.w.org\/{rel}","templated":true}]}}