{"id":2190,"date":"2010-05-20T20:00:18","date_gmt":"2010-05-20T18:00:18","guid":{"rendered":"http:\/\/jlggb.net\/blog2\/?p=2190"},"modified":"2010-05-21T00:55:26","modified_gmt":"2010-05-20T22:55:26","slug":"le-moment-m-m","status":"publish","type":"post","link":"https:\/\/jlggb.net\/blog2\/?p=2190","title":{"rendered":"Le moment M.M."},"content":{"rendered":"<p><a href=\"https:\/\/jlggb.net\/blog2\/wp-content\/uploads\/2010\/05\/montmartre-montreuil-mm.jpg\" data-rel=\"lightbox-image-0\" data-imagelightbox=\"0\" data-rl_title=\"\" data-rl_caption=\"\"><img loading=\"lazy\" decoding=\"async\" class=\"alignnone size-full wp-image-2189\" title=\"\" src=\"https:\/\/jlggb.net\/blog2\/wp-content\/uploads\/2010\/05\/montmartre-montreuil-mm.jpg\" alt=\"\" width=\"640\" height=\"480\" \/><\/a><br \/>\nJeudi 19 mai 2010, 19h. En marchant rue Montmartre, nous sommes d\u00e9pass\u00e9s par un homme habill\u00e9 de noir. Nous ne voyons pas son visage, mais nous avons l&rsquo;intuition que nous le connaissons, d&rsquo;autrefois. \u00ab C&rsquo;est qui&nbsp;? C&rsquo;est peut-\u00eatre M.M.&nbsp;? Oui, c&rsquo;est bien lui. \u00bb Pas revu depuis 15 ans peut-\u00eatre. \u00ab C&rsquo;est fou qu&rsquo;on reconnaisse quelqu&rsquo;un dans la foule, comme \u00e7a, \u00e0 des indices inconscients. \u00bb. Quelques minutes plus tard, on le retrouve lisant <em>Le Monde<\/em> sur le quai de la station\u00a0 Grands Boulevards-Rue <em>M<\/em>ontmartre, direction <em>M<\/em>ontreuil. Il descendra \u00e0 R\u00e9publique.<\/p>\n<p style=\"text-align: center;\"><a href=\"https:\/\/jlggb.net\/blog2\/wp-content\/uploads\/2010\/05\/mm-livre.jpg\" data-rel=\"lightbox-image-1\" data-imagelightbox=\"1\" data-rl_title=\"\" data-rl_caption=\"\"><img loading=\"lazy\" decoding=\"async\" class=\"size-full wp-image-2201 aligncenter\" title=\"\" src=\"https:\/\/jlggb.net\/blog2\/wp-content\/uploads\/2010\/05\/mm-livre.jpg\" alt=\"\" width=\"140\" height=\"203\" srcset=\"https:\/\/jlggb.net\/blog2\/wp-content\/uploads\/2010\/05\/mm-livre.jpg 277w, https:\/\/jlggb.net\/blog2\/wp-content\/uploads\/2010\/05\/mm-livre-207x300.jpg 207w, https:\/\/jlggb.net\/blog2\/wp-content\/uploads\/2010\/05\/mm-livre-103x150.jpg 103w\" sizes=\"auto, (max-width: 140px) 100vw, 140px\" \/><\/a><em>Livre<\/em>, 2006.<\/p>\n","protected":false},"excerpt":{"rendered":"<p>Jeudi 19 mai 2010, 19h. En marchant rue Montmartre, nous sommes d\u00e9pass\u00e9s par un homme habill\u00e9 de noir. Nous ne voyons pas son visage, mais nous avons l&rsquo;intuition que nous le connaissons, d&rsquo;autrefois. \u00ab C&rsquo;est qui&nbsp;? C&rsquo;est peut-\u00eatre M.M.&nbsp;? Oui, c&rsquo;est bien lui. \u00bb Pas revu depuis 15 ans peut-\u00eatre. \u00ab C&rsquo;est fou qu&rsquo;on reconnaisse &hellip; <a href=\"https:\/\/jlggb.net\/blog2\/?p=2190\" class=\"more-link\">Continuer la lecture de <span class=\"screen-reader-text\">Le moment M.M.<\/span><\/a><\/p>\n","protected":false},"author":2,"featured_media":0,"comment_status":"closed","ping_status":"closed","sticky":false,"template":"","format":"standard","meta":{"footnotes":""},"categories":[11,7,30,112,90],"tags":[353,193],"class_list":["post-2190","post","type-post","status-publish","format-standard","hentry","category-livre","category-moment","category-personne","category-photographie","category-transport","tag-connaissance","tag-metro"],"_links":{"self":[{"href":"https:\/\/jlggb.net\/blog2\/index.php?rest_route=\/wp\/v2\/posts\/2190","targetHints":{"allow":["GET"]}}],"collection":[{"href":"https:\/\/jlggb.net\/blog2\/index.php?rest_route=\/wp\/v2\/posts"}],"about":[{"href":"https:\/\/jlggb.net\/blog2\/index.php?rest_route=\/wp\/v2\/types\/post"}],"author":[{"embeddable":true,"href":"https:\/\/jlggb.net\/blog2\/index.php?rest_route=\/wp\/v2\/users\/2"}],"replies":[{"embeddable":true,"href":"https:\/\/jlggb.net\/blog2\/index.php?rest_route=%2Fwp%2Fv2%2Fcomments&post=2190"}],"version-history":[{"count":0,"href":"https:\/\/jlggb.net\/blog2\/index.php?rest_route=\/wp\/v2\/posts\/2190\/revisions"}],"wp:attachment":[{"href":"https:\/\/jlggb.net\/blog2\/index.php?rest_route=%2Fwp%2Fv2%2Fmedia&parent=2190"}],"wp:term":[{"taxonomy":"category","embeddable":true,"href":"https:\/\/jlggb.net\/blog2\/index.php?rest_route=%2Fwp%2Fv2%2Fcategories&post=2190"},{"taxonomy":"post_tag","embeddable":true,"href":"https:\/\/jlggb.net\/blog2\/index.php?rest_route=%2Fwp%2Fv2%2Ftags&post=2190"}],"curies":[{"name":"wp","href":"https:\/\/api.w.org\/{rel}","templated":true}]}}