{"id":2133,"date":"2010-05-03T11:10:04","date_gmt":"2010-05-03T09:10:04","guid":{"rendered":"http:\/\/jlggb.net\/blog2\/?p=2133"},"modified":"2010-05-14T01:33:02","modified_gmt":"2010-05-13T23:33:02","slug":"mode-demo","status":"publish","type":"post","link":"https:\/\/jlggb.net\/blog2\/?p=2133","title":{"rendered":"Mode : Demo"},"content":{"rendered":"<p><a href=\"https:\/\/jlggb.net\/blog2\/wp-content\/uploads\/2010\/05\/enseigne-mode-demo2.jpg\" data-rel=\"lightbox-image-0\" data-imagelightbox=\"0\" data-rl_title=\"\" data-rl_caption=\"\"><img loading=\"lazy\" decoding=\"async\" class=\"alignnone size-full wp-image-2134\" title=\"\" src=\"https:\/\/jlggb.net\/blog2\/wp-content\/uploads\/2010\/05\/enseigne-mode-demo2.jpg\" alt=\"\" width=\"640\" height=\"480\" srcset=\"https:\/\/jlggb.net\/blog2\/wp-content\/uploads\/2010\/05\/enseigne-mode-demo2.jpg 1280w, https:\/\/jlggb.net\/blog2\/wp-content\/uploads\/2010\/05\/enseigne-mode-demo2-300x225.jpg 300w, https:\/\/jlggb.net\/blog2\/wp-content\/uploads\/2010\/05\/enseigne-mode-demo2-1024x768.jpg 1024w, https:\/\/jlggb.net\/blog2\/wp-content\/uploads\/2010\/05\/enseigne-mode-demo2-150x112.jpg 150w\" sizes=\"auto, (max-width: 640px) 100vw, 640px\" \/><\/a><br \/>\nLundi 3 mai 2010, 11h10, Centre international de conf\u00e9rences-Gen\u00e8ve. Confection de l&rsquo;enseigne-g\u00e9n\u00e9rique de \u00ab\u00a0Mode&nbsp;: Demo, une exposition de la Head-Gen\u00e8ve\u00a0\u00bb<\/p>\n","protected":false},"excerpt":{"rendered":"<p>Lundi 3 mai 2010, 11h10, Centre international de conf\u00e9rences-Gen\u00e8ve. Confection de l&rsquo;enseigne-g\u00e9n\u00e9rique de \u00ab\u00a0Mode&nbsp;: Demo, une exposition de la Head-Gen\u00e8ve\u00a0\u00bb<\/p>\n","protected":false},"author":2,"featured_media":0,"comment_status":"closed","ping_status":"closed","sticky":false,"template":"","format":"standard","meta":{"footnotes":""},"categories":[51,95,10],"tags":[77,350],"class_list":["post-2133","post","type-post","status-publish","format-standard","hentry","category-decor","category-exposition","category-typographie","tag-geneve","tag-scenographie"],"_links":{"self":[{"href":"https:\/\/jlggb.net\/blog2\/index.php?rest_route=\/wp\/v2\/posts\/2133","targetHints":{"allow":["GET"]}}],"collection":[{"href":"https:\/\/jlggb.net\/blog2\/index.php?rest_route=\/wp\/v2\/posts"}],"about":[{"href":"https:\/\/jlggb.net\/blog2\/index.php?rest_route=\/wp\/v2\/types\/post"}],"author":[{"embeddable":true,"href":"https:\/\/jlggb.net\/blog2\/index.php?rest_route=\/wp\/v2\/users\/2"}],"replies":[{"embeddable":true,"href":"https:\/\/jlggb.net\/blog2\/index.php?rest_route=%2Fwp%2Fv2%2Fcomments&post=2133"}],"version-history":[{"count":0,"href":"https:\/\/jlggb.net\/blog2\/index.php?rest_route=\/wp\/v2\/posts\/2133\/revisions"}],"wp:attachment":[{"href":"https:\/\/jlggb.net\/blog2\/index.php?rest_route=%2Fwp%2Fv2%2Fmedia&parent=2133"}],"wp:term":[{"taxonomy":"category","embeddable":true,"href":"https:\/\/jlggb.net\/blog2\/index.php?rest_route=%2Fwp%2Fv2%2Fcategories&post=2133"},{"taxonomy":"post_tag","embeddable":true,"href":"https:\/\/jlggb.net\/blog2\/index.php?rest_route=%2Fwp%2Fv2%2Ftags&post=2133"}],"curies":[{"name":"wp","href":"https:\/\/api.w.org\/{rel}","templated":true}]}}