{"id":2023,"date":"2010-05-03T12:00:06","date_gmt":"2010-05-03T10:00:06","guid":{"rendered":"http:\/\/jlggb.net\/blog2\/?p=2023"},"modified":"2010-06-11T08:23:56","modified_gmt":"2010-06-11T06:23:56","slug":"beton","status":"publish","type":"post","link":"https:\/\/jlggb.net\/blog2\/?p=2023","title":{"rendered":"B\u00e9ton \u00e0 45\u00b0"},"content":{"rendered":"<p><a href=\"https:\/\/jlggb.net\/blog2\/wp-content\/uploads\/2010\/05\/cicg-aero.jpg\" data-rel=\"lightbox-image-0\" data-imagelightbox=\"0\" data-rl_title=\"\" data-rl_caption=\"\"><img loading=\"lazy\" decoding=\"async\" class=\"alignnone size-full wp-image-2025\" title=\"\" src=\"https:\/\/jlggb.net\/blog2\/wp-content\/uploads\/2010\/05\/cicg-aero.jpg\" alt=\"\" width=\"640\" height=\"480\" srcset=\"https:\/\/jlggb.net\/blog2\/wp-content\/uploads\/2010\/05\/cicg-aero.jpg 1280w, https:\/\/jlggb.net\/blog2\/wp-content\/uploads\/2010\/05\/cicg-aero-300x225.jpg 300w, https:\/\/jlggb.net\/blog2\/wp-content\/uploads\/2010\/05\/cicg-aero-1024x768.jpg 1024w, https:\/\/jlggb.net\/blog2\/wp-content\/uploads\/2010\/05\/cicg-aero-150x112.jpg 150w\" sizes=\"auto, (max-width: 640px) 100vw, 640px\" \/><\/a><br \/>\nLundi 3 mai 2010, 11h30, terrasse du CICG, 17 rue de Varemb\u00e9 (pr\u00e8s de l&rsquo;ONU), Gen\u00e8ve.<\/p>\n<p><a href=\"https:\/\/jlggb.net\/blog2\/wp-content\/uploads\/2010\/05\/cicg-aero.jpg\" data-rel=\"lightbox-image-1\" data-imagelightbox=\"1\" data-rl_title=\"\" data-rl_caption=\"\" title=\"\"><\/a><a href=\"https:\/\/jlggb.net\/blog2\/wp-content\/uploads\/2010\/05\/cicg-cabine2.jpg\" data-rel=\"lightbox-image-2\" data-imagelightbox=\"2\" data-rl_title=\"\" data-rl_caption=\"\"><img loading=\"lazy\" decoding=\"async\" class=\"alignnone size-full wp-image-2038\" title=\"\" src=\"https:\/\/jlggb.net\/blog2\/wp-content\/uploads\/2010\/05\/cicg-cabine2.jpg\" alt=\"\" width=\"640\" height=\"480\" srcset=\"https:\/\/jlggb.net\/blog2\/wp-content\/uploads\/2010\/05\/cicg-cabine2.jpg 1280w, https:\/\/jlggb.net\/blog2\/wp-content\/uploads\/2010\/05\/cicg-cabine2-300x225.jpg 300w, https:\/\/jlggb.net\/blog2\/wp-content\/uploads\/2010\/05\/cicg-cabine2-1024x768.jpg 1024w, https:\/\/jlggb.net\/blog2\/wp-content\/uploads\/2010\/05\/cicg-cabine2-150x112.jpg 150w\" sizes=\"auto, (max-width: 640px) 100vw, 640px\" \/><\/a><br \/>\nLundi 3 mai, vers midi, hall autour de la grande salle, cabine de projection.<\/p>\n<p><a href=\"https:\/\/jlggb.net\/blog2\/wp-content\/uploads\/2010\/05\/cicg-escalier.jpg\" data-rel=\"lightbox-image-3\" data-imagelightbox=\"3\" data-rl_title=\"\" data-rl_caption=\"\"><img loading=\"lazy\" decoding=\"async\" class=\"alignnone size-full wp-image-2116\" title=\"\" src=\"https:\/\/jlggb.net\/blog2\/wp-content\/uploads\/2010\/05\/cicg-escalier.jpg\" alt=\"\" width=\"640\" height=\"480\" srcset=\"https:\/\/jlggb.net\/blog2\/wp-content\/uploads\/2010\/05\/cicg-escalier.jpg 1280w, https:\/\/jlggb.net\/blog2\/wp-content\/uploads\/2010\/05\/cicg-escalier-300x225.jpg 300w, https:\/\/jlggb.net\/blog2\/wp-content\/uploads\/2010\/05\/cicg-escalier-1024x768.jpg 1024w, https:\/\/jlggb.net\/blog2\/wp-content\/uploads\/2010\/05\/cicg-escalier-150x112.jpg 150w\" sizes=\"auto, (max-width: 640px) 100vw, 640px\" \/><\/a><br \/>\nJeudi 6 mai 2010, 17h, un escalier de service.<\/p>\n<p>Le <a href=\"http:\/\/www.cicg.ch\/fr\/\" target=\"_blank\">Centre International de Conf\u00e9rences, Gen\u00e8ve<\/a>, achev\u00e9 en 1973 \u2014 est un b\u00e2timent int\u00e9ressant, intelligemment restaur\u00e9 et agrandi en 2004-2005&nbsp;: on y appr\u00e9cie la qualit\u00e9 des mat\u00e9riaux\u2014 b\u00e9ton \u00ab brutaliste \u00bb, bois, moquette \u2014, l&rsquo;aspect protecteur (bunker) qui m\u00e9nage des vues et des lumi\u00e8res, l&rsquo;imbrication de ses volumes et ses perspectives internes. Pour une fois, les angles \u00e0 45 degr\u00e9s font une g\u00e9om\u00e9trie qui n&rsquo;a rien de banal.<\/p>\n","protected":false},"excerpt":{"rendered":"<p>Lundi 3 mai 2010, 11h30, terrasse du CICG, 17 rue de Varemb\u00e9 (pr\u00e8s de l&rsquo;ONU), Gen\u00e8ve. Lundi 3 mai, vers midi, hall autour de la grande salle, cabine de projection. Jeudi 6 mai 2010, 17h, un escalier de service. Le Centre International de Conf\u00e9rences, Gen\u00e8ve, achev\u00e9 en 1973 \u2014 est un b\u00e2timent int\u00e9ressant, intelligemment restaur\u00e9 &hellip; <a href=\"https:\/\/jlggb.net\/blog2\/?p=2023\" class=\"more-link\">Continuer la lecture de <span class=\"screen-reader-text\">B\u00e9ton \u00e0 45\u00b0<\/span><\/a><\/p>\n","protected":false},"author":2,"featured_media":0,"comment_status":"closed","ping_status":"closed","sticky":false,"template":"","format":"standard","meta":{"footnotes":""},"categories":[45,144],"tags":[256,77],"class_list":["post-2023","post","type-post","status-publish","format-standard","hentry","category-architecture","category-escalier","tag-beton","tag-geneve"],"_links":{"self":[{"href":"https:\/\/jlggb.net\/blog2\/index.php?rest_route=\/wp\/v2\/posts\/2023","targetHints":{"allow":["GET"]}}],"collection":[{"href":"https:\/\/jlggb.net\/blog2\/index.php?rest_route=\/wp\/v2\/posts"}],"about":[{"href":"https:\/\/jlggb.net\/blog2\/index.php?rest_route=\/wp\/v2\/types\/post"}],"author":[{"embeddable":true,"href":"https:\/\/jlggb.net\/blog2\/index.php?rest_route=\/wp\/v2\/users\/2"}],"replies":[{"embeddable":true,"href":"https:\/\/jlggb.net\/blog2\/index.php?rest_route=%2Fwp%2Fv2%2Fcomments&post=2023"}],"version-history":[{"count":0,"href":"https:\/\/jlggb.net\/blog2\/index.php?rest_route=\/wp\/v2\/posts\/2023\/revisions"}],"wp:attachment":[{"href":"https:\/\/jlggb.net\/blog2\/index.php?rest_route=%2Fwp%2Fv2%2Fmedia&parent=2023"}],"wp:term":[{"taxonomy":"category","embeddable":true,"href":"https:\/\/jlggb.net\/blog2\/index.php?rest_route=%2Fwp%2Fv2%2Fcategories&post=2023"},{"taxonomy":"post_tag","embeddable":true,"href":"https:\/\/jlggb.net\/blog2\/index.php?rest_route=%2Fwp%2Fv2%2Ftags&post=2023"}],"curies":[{"name":"wp","href":"https:\/\/api.w.org\/{rel}","templated":true}]}}