{"id":1856,"date":"2010-04-16T19:00:16","date_gmt":"2010-04-16T17:00:16","guid":{"rendered":"http:\/\/jlggb.net\/blog2\/?p=1856"},"modified":"2010-04-17T08:42:27","modified_gmt":"2010-04-17T06:42:27","slug":"genet-ou-est-tu","status":"publish","type":"post","link":"https:\/\/jlggb.net\/blog2\/?p=1856","title":{"rendered":"Genet, o\u00f9 es-tu ?"},"content":{"rendered":"<p style=\"text-align: center;\"><a href=\"https:\/\/jlggb.net\/blog2\/wp-content\/uploads\/2010\/04\/genet-giacometti.jpg\" data-rel=\"lightbox-image-0\" data-imagelightbox=\"0\" data-rl_title=\"\" data-rl_caption=\"\"><img loading=\"lazy\" decoding=\"async\" class=\"alignnone size-full wp-image-1861\" title=\"\" src=\"https:\/\/jlggb.net\/blog2\/wp-content\/uploads\/2010\/04\/genet-giacometti.jpg\" alt=\"\" width=\"200\" height=\"270\" srcset=\"https:\/\/jlggb.net\/blog2\/wp-content\/uploads\/2010\/04\/genet-giacometti.jpg 952w, https:\/\/jlggb.net\/blog2\/wp-content\/uploads\/2010\/04\/genet-giacometti-223x300.jpg 223w, https:\/\/jlggb.net\/blog2\/wp-content\/uploads\/2010\/04\/genet-giacometti-761x1024.jpg 761w\" sizes=\"auto, (max-width: 200px) 100vw, 200px\" \/><\/a><\/p>\n<p style=\"text-align: center;\">Jean Genet, <em>L&rsquo;Atelier d&rsquo;Alberto Giacometti<\/em>,<br \/>\navec 33 photographies d&rsquo;Ernest Scheidegger, L&rsquo;Arbal\u00e8te, Marc Berbezat, \u00e9dition originale de 1963.<br \/>\nArchives JLggB<\/p>\n<p>Les livres vieillissent mieux que les lieux.<\/p>\n<p>\u00c0 mon arriv\u00e9e \u00e0 Paris, je logeais au m\u00e9tro Villiers et il m&rsquo;arrivait de manger au self-service qui occupait le sous-sol du Th\u00e9\u00e2tre de l&rsquo;Empire, avenue de Wagram, Paris, 17e. On acc\u00e9dait tout droit \u00e0 cette tr\u00e8s vaste salle rectangulaire, sans fen\u00eatres, haute de plafond. Il y avait des centaines de tables et chaises en formica rang\u00e9es en all\u00e9es. Un jour, au d\u00e9but de l&rsquo;ann\u00e9e 1970, je vis Jean Genet qui mangeait l\u00e0 tout seul. Je n&rsquo;\u00e9tais pas certain que ce f\u00fbt lui; mais depuis je m&rsquo;en suis persuad\u00e9. Le th\u00e9\u00e2tre de l&rsquo;Empire, qu&rsquo;on a vu \u00e0 la t\u00e9l\u00e9vision avec l&rsquo;\u00c9cole des Fans de Jacques Martin, a \u00e9t\u00e9 d\u00e9truit et a fait place \u00e0 un assez beau b\u00e2timent, l&rsquo;h\u00f4tel Marriott, dont l&rsquo;architecte est Christian de Portzamparc, inaugur\u00e9 il y a un an, en avril 2009.<\/p>\n<p><a href=\"https:\/\/jlggb.net\/blog2\/wp-content\/uploads\/2010\/04\/silvera-wagram.jpg\" data-rel=\"lightbox-image-1\" data-imagelightbox=\"1\" data-rl_title=\"\" data-rl_caption=\"\"><img loading=\"lazy\" decoding=\"async\" class=\"alignnone size-full wp-image-1858\" title=\"\" src=\"https:\/\/jlggb.net\/blog2\/wp-content\/uploads\/2010\/04\/silvera-wagram.jpg\" alt=\"\" width=\"640\" height=\"480\" srcset=\"https:\/\/jlggb.net\/blog2\/wp-content\/uploads\/2010\/04\/silvera-wagram.jpg 1280w, https:\/\/jlggb.net\/blog2\/wp-content\/uploads\/2010\/04\/silvera-wagram-300x225.jpg 300w, https:\/\/jlggb.net\/blog2\/wp-content\/uploads\/2010\/04\/silvera-wagram-1024x768.jpg 1024w\" sizes=\"auto, (max-width: 640px) 100vw, 640px\" \/><\/a><br \/>\nVendredi 16 avril 2010, 15h. Au sous-sol du 41 avenue de Wagram, c&rsquo;est d\u00e9sormais un \u00ab concept store \u00bb Silvera, dont l&rsquo;architecte-designer est le tr\u00e8s \u00e0 la mode Patrick Jouin (les stations V\u00e9lib, les nouvelles sanisettes, etc).<\/p>\n","protected":false},"excerpt":{"rendered":"<p>Jean Genet, L&rsquo;Atelier d&rsquo;Alberto Giacometti, avec 33 photographies d&rsquo;Ernest Scheidegger, L&rsquo;Arbal\u00e8te, Marc Berbezat, \u00e9dition originale de 1963. Archives JLggB Les livres vieillissent mieux que les lieux. \u00c0 mon arriv\u00e9e \u00e0 Paris, je logeais au m\u00e9tro Villiers et il m&rsquo;arrivait de manger au self-service qui occupait le sous-sol du Th\u00e9\u00e2tre de l&rsquo;Empire, avenue de Wagram, Paris, &hellip; <a href=\"https:\/\/jlggb.net\/blog2\/?p=1856\" class=\"more-link\">Continuer la lecture de <span class=\"screen-reader-text\">Genet, o\u00f9 es-tu ?<\/span><\/a><\/p>\n","protected":false},"author":2,"featured_media":0,"comment_status":"closed","ping_status":"closed","sticky":false,"template":"","format":"standard","meta":{"footnotes":""},"categories":[45,31,11,74],"tags":[310,308,309],"class_list":["post-1856","post","type-post","status-publish","format-standard","hentry","category-architecture","category-coincidence","category-livre","category-monument","tag-jean-genet","tag-theatre-de-lempire","tag-wagram"],"_links":{"self":[{"href":"https:\/\/jlggb.net\/blog2\/index.php?rest_route=\/wp\/v2\/posts\/1856","targetHints":{"allow":["GET"]}}],"collection":[{"href":"https:\/\/jlggb.net\/blog2\/index.php?rest_route=\/wp\/v2\/posts"}],"about":[{"href":"https:\/\/jlggb.net\/blog2\/index.php?rest_route=\/wp\/v2\/types\/post"}],"author":[{"embeddable":true,"href":"https:\/\/jlggb.net\/blog2\/index.php?rest_route=\/wp\/v2\/users\/2"}],"replies":[{"embeddable":true,"href":"https:\/\/jlggb.net\/blog2\/index.php?rest_route=%2Fwp%2Fv2%2Fcomments&post=1856"}],"version-history":[{"count":0,"href":"https:\/\/jlggb.net\/blog2\/index.php?rest_route=\/wp\/v2\/posts\/1856\/revisions"}],"wp:attachment":[{"href":"https:\/\/jlggb.net\/blog2\/index.php?rest_route=%2Fwp%2Fv2%2Fmedia&parent=1856"}],"wp:term":[{"taxonomy":"category","embeddable":true,"href":"https:\/\/jlggb.net\/blog2\/index.php?rest_route=%2Fwp%2Fv2%2Fcategories&post=1856"},{"taxonomy":"post_tag","embeddable":true,"href":"https:\/\/jlggb.net\/blog2\/index.php?rest_route=%2Fwp%2Fv2%2Ftags&post=1856"}],"curies":[{"name":"wp","href":"https:\/\/api.w.org\/{rel}","templated":true}]}}