{"id":1623,"date":"2010-03-30T23:36:55","date_gmt":"2010-03-30T21:36:55","guid":{"rendered":"http:\/\/jlggb.net\/blog2\/?p=1623"},"modified":"2025-11-16T00:23:47","modified_gmt":"2025-11-15T23:23:47","slug":"dimanche-au-bord-du-rhin-1970","status":"publish","type":"post","link":"https:\/\/jlggb.net\/blog2\/?p=1623","title":{"rendered":"Des archives : Dimanche au bord du Rhin, 1970"},"content":{"rendered":"<p><a href=\"https:\/\/jlggb.net\/blog2\/wp-content\/uploads\/2010\/04\/bord-du-rhin-1970-1280.jpg\" data-rel=\"lightbox-image-0\" data-imagelightbox=\"0\" data-rl_title=\"\" data-rl_caption=\"\"><img loading=\"lazy\" decoding=\"async\" class=\"alignnone size-full wp-image-1651\" title=\"\" src=\"https:\/\/jlggb.net\/blog2\/wp-content\/uploads\/2010\/04\/bord-du-rhin-1970-1280.jpg\" alt=\"\" width=\"640\" height=\"480\" srcset=\"https:\/\/jlggb.net\/blog2\/wp-content\/uploads\/2010\/04\/bord-du-rhin-1970-1280.jpg 1280w, https:\/\/jlggb.net\/blog2\/wp-content\/uploads\/2010\/04\/bord-du-rhin-1970-1280-300x225.jpg 300w, https:\/\/jlggb.net\/blog2\/wp-content\/uploads\/2010\/04\/bord-du-rhin-1970-1280-1024x768.jpg 1024w\" sizes=\"auto, (max-width: 640px) 100vw, 640px\" \/><\/a><br \/>\n<a href=\"https:\/\/jlggb.net\/blog2\/wp-content\/uploads\/2010\/03\/FD23-sc\u00e9nario-1970-jlggb.jpg\" data-rel=\"lightbox-image-1\" data-imagelightbox=\"1\" data-rl_title=\"\" data-rl_caption=\"\"><img loading=\"lazy\" decoding=\"async\" class=\"alignnone size-full wp-image-1629\" title=\"\" src=\"https:\/\/jlggb.net\/blog2\/wp-content\/uploads\/2010\/03\/FD23-sc\u00e9nario-1970-jlggb.jpg\" alt=\"\" width=\"640\" height=\"426\" \/><\/a><\/p>\n<p>Mardi 30 mars 2010, 23h30. 40 ans apr\u00e8s le tournage du film <i>Dimanche au bord du Rhin<\/i>, \u00ab film didactique N\u00b023 \u00bb, des documents sont sortis et reproduits. Une photo de rep\u00e9rage datant de l\u2019automne 1969, avec Jean-Louis Boucher sc\u00e9nographe et acteur dans ce film, la brochure de \u00ab Notes th\u00e9oriques \u00bb contenant un dessin original du dispositif qui appara\u00eet dans les s\u00e9quences des \u00ab discours \u00bb.\u00a0 Produit pour la premi\u00e8re promotion du GREC, Groupe de recherches et d\u2019essais cin\u00e9matographiques, avec le parrainage de Jean Rouch, Jean-Louis Comolli, Anatole Dauman, le film a \u00e9t\u00e9 tourn\u00e9 les 28, 29 et 30 mars 1970 \u00e0 Strasbourg, avec cinq acteurs, et mont\u00e9 avant l\u2019\u00e9t\u00e9 1970. Le film existe toujours sous forme de copie de travail, mais on ne sait pas dans quel \u00e9tat. Il n\u2019a pas \u00e9t\u00e9 projet\u00e9 depuis 1971.<\/p>\n<p>(Archives JLggB)<br \/>\nEXTRAIT DES NOTES JLB<\/p>\n<p>Fd 23 Dimanche au bord du Rhin<\/p>\n<p>Film 16 mm en couleurs, Eastmancolor, sonore, 40 mn<\/p>\n<p>Propos g\u00e9n\u00e9ral du film<\/p>\n<p>Produire une analyse d\u2019un environnement donn\u00e9, le parc du Rhin<\/p>\n<p>\u00catre l\u2019instrument d\u2019une action critique r\u00e9elle<\/p>\n<p>Produire un enregistrement de cette action<\/p>\n<p>Fournir des moyens d\u2019analyse de cette action enregistr\u00e9e<\/p>\n<p>Produire lui-m\u00eame une critique.<\/p>\n","protected":false},"excerpt":{"rendered":"<p>Mardi 30 mars 2010, 23h30. 40 ans apr\u00e8s le tournage du film Dimanche au bord du Rhin, \u00ab film didactique N\u00b023 \u00bb, des documents sont sortis et reproduits. Une photo de rep\u00e9rage datant de l\u2019automne 1969, avec Jean-Louis Boucher sc\u00e9nographe et acteur dans ce film, la brochure de \u00ab Notes th\u00e9oriques \u00bb contenant un dessin &hellip; <a href=\"https:\/\/jlggb.net\/blog2\/?p=1623\" class=\"more-link\">Continuer la lecture de <span class=\"screen-reader-text\">Des archives : Dimanche au bord du Rhin, 1970<\/span><\/a><\/p>\n","protected":false},"author":2,"featured_media":0,"comment_status":"closed","ping_status":"closed","sticky":false,"template":"","format":"standard","meta":{"footnotes":""},"categories":[109,626,71],"tags":[278,132,921,244],"class_list":["post-1623","post","type-post","status-publish","format-standard","hentry","category-cinema","category-des-archives","category-dispositif","tag-278","tag-film","tag-grec","tag-strasbourg"],"_links":{"self":[{"href":"https:\/\/jlggb.net\/blog2\/index.php?rest_route=\/wp\/v2\/posts\/1623","targetHints":{"allow":["GET"]}}],"collection":[{"href":"https:\/\/jlggb.net\/blog2\/index.php?rest_route=\/wp\/v2\/posts"}],"about":[{"href":"https:\/\/jlggb.net\/blog2\/index.php?rest_route=\/wp\/v2\/types\/post"}],"author":[{"embeddable":true,"href":"https:\/\/jlggb.net\/blog2\/index.php?rest_route=\/wp\/v2\/users\/2"}],"replies":[{"embeddable":true,"href":"https:\/\/jlggb.net\/blog2\/index.php?rest_route=%2Fwp%2Fv2%2Fcomments&post=1623"}],"version-history":[{"count":4,"href":"https:\/\/jlggb.net\/blog2\/index.php?rest_route=\/wp\/v2\/posts\/1623\/revisions"}],"predecessor-version":[{"id":8552,"href":"https:\/\/jlggb.net\/blog2\/index.php?rest_route=\/wp\/v2\/posts\/1623\/revisions\/8552"}],"wp:attachment":[{"href":"https:\/\/jlggb.net\/blog2\/index.php?rest_route=%2Fwp%2Fv2%2Fmedia&parent=1623"}],"wp:term":[{"taxonomy":"category","embeddable":true,"href":"https:\/\/jlggb.net\/blog2\/index.php?rest_route=%2Fwp%2Fv2%2Fcategories&post=1623"},{"taxonomy":"post_tag","embeddable":true,"href":"https:\/\/jlggb.net\/blog2\/index.php?rest_route=%2Fwp%2Fv2%2Ftags&post=1623"}],"curies":[{"name":"wp","href":"https:\/\/api.w.org\/{rel}","templated":true}]}}