{"id":1609,"date":"2010-03-28T16:30:01","date_gmt":"2010-03-28T14:30:01","guid":{"rendered":"http:\/\/jlggb.net\/blog2\/?p=1609"},"modified":"2010-03-29T00:38:59","modified_gmt":"2010-03-28T22:38:59","slug":"1609","status":"publish","type":"post","link":"https:\/\/jlggb.net\/blog2\/?p=1609","title":{"rendered":"Sans-papiers"},"content":{"rendered":"<p><a href=\"https:\/\/jlggb.net\/blog2\/wp-content\/uploads\/2010\/03\/sans-papiers.jpg\" data-rel=\"lightbox-image-0\" data-imagelightbox=\"0\" data-rl_title=\"\" data-rl_caption=\"\"><img loading=\"lazy\" decoding=\"async\" class=\"alignnone size-full wp-image-1611\" title=\"\" src=\"https:\/\/jlggb.net\/blog2\/wp-content\/uploads\/2010\/03\/sans-papiers.jpg\" alt=\"\" width=\"640\" height=\"480\" srcset=\"https:\/\/jlggb.net\/blog2\/wp-content\/uploads\/2010\/03\/sans-papiers.jpg 1280w, https:\/\/jlggb.net\/blog2\/wp-content\/uploads\/2010\/03\/sans-papiers-300x225.jpg 300w, https:\/\/jlggb.net\/blog2\/wp-content\/uploads\/2010\/03\/sans-papiers-1024x768.jpg 1024w\" sizes=\"auto, (max-width: 640px) 100vw, 640px\" \/><\/a><br \/>\nDimanche 28 mars 2010, 16h, avenue Daumesnil, Paris 12e. Tout semble tranquille, pourtant, il y a ces tentes sur le trottoir. \u00ab Mercredi 24 mars, la pr\u00e9fecture de police a brutalement \u00e9vacu\u00e9 les travailleurs \u00ab\u00a0sans papiers\u00a0\u00bb en gr\u00e8ve qui occupaient depuis 18 mois l\u2019agence d\u2019int\u00e9rim Randstad du 30 avenue Daumesnil. \u00bb <em>Communiqu\u00e9 du syndicat CGT Randstad, 24 avril 2010.<\/em><\/p>\n<p style=\"text-align: center;\"><a href=\"http:\/\/www.cgtrandstad.com\/spip.php?article414\" target=\"_blank\"><img loading=\"lazy\" decoding=\"async\" class=\"alignnone size-full wp-image-1614\" title=\"travailleurs-sans-papiers-regularisation\" src=\"https:\/\/jlggb.net\/blog2\/wp-content\/uploads\/2010\/03\/travailleurs-sans-papiers-regularisation.jpg\" alt=\"\" width=\"340\" height=\"376\" srcset=\"https:\/\/jlggb.net\/blog2\/wp-content\/uploads\/2010\/03\/travailleurs-sans-papiers-regularisation.jpg 441w, https:\/\/jlggb.net\/blog2\/wp-content\/uploads\/2010\/03\/travailleurs-sans-papiers-regularisation-271x300.jpg 271w\" sizes=\"auto, (max-width: 340px) 100vw, 340px\" \/><\/a><a href=\"http:\/\/www.cgtrandstad.com\/spip.php?article414\" target=\"_blank\"><br \/>\n<\/a>Dessin de Tardi<a href=\"http:\/\/www.cgtrandstad.com\/spip.php?article414\" target=\"_blank\"><br \/>\n<\/a><\/p>\n<p style=\"text-align: center;\"><a href=\"https:\/\/jlggb.net\/blog2\/wp-content\/uploads\/2010\/03\/30-av-daumesnil.jpg\" data-rel=\"lightbox-image-1\" data-imagelightbox=\"1\" data-rl_title=\"\" data-rl_caption=\"\"><img loading=\"lazy\" decoding=\"async\" class=\"alignnone size-full  wp-image-1610\" title=\"\" src=\"https:\/\/jlggb.net\/blog2\/wp-content\/uploads\/2010\/03\/30-av-daumesnil.jpg\" alt=\"\" width=\"340\" height=\"226\" srcset=\"https:\/\/jlggb.net\/blog2\/wp-content\/uploads\/2010\/03\/30-av-daumesnil.jpg 1024w, https:\/\/jlggb.net\/blog2\/wp-content\/uploads\/2010\/03\/30-av-daumesnil-300x200.jpg 300w\" sizes=\"auto, (max-width: 340px) 100vw, 340px\" \/><br \/>\n<\/a>Le lieu sur Streetview.<a href=\"https:\/\/jlggb.net\/blog2\/wp-content\/uploads\/2010\/03\/30-av-daumesnil.jpg\" data-rel=\"lightbox-image-2\" data-imagelightbox=\"2\" data-rl_title=\"\" data-rl_caption=\"\" title=\"\"><\/a><\/p>\n<p>NOTE<br \/>\nCeci est le 100e article publi\u00e9 par jllggbblog2 depuis son ouverture le 1er d\u00e9cembre 2009.<\/p>\n","protected":false},"excerpt":{"rendered":"<p>Dimanche 28 mars 2010, 16h, avenue Daumesnil, Paris 12e. Tout semble tranquille, pourtant, il y a ces tentes sur le trottoir. \u00ab Mercredi 24 mars, la pr\u00e9fecture de police a brutalement \u00e9vacu\u00e9 les travailleurs \u00ab\u00a0sans papiers\u00a0\u00bb en gr\u00e8ve qui occupaient depuis 18 mois l\u2019agence d\u2019int\u00e9rim Randstad du 30 avenue Daumesnil. \u00bb Communiqu\u00e9 du syndicat CGT &hellip; <a href=\"https:\/\/jlggb.net\/blog2\/?p=1609\" class=\"more-link\">Continuer la lecture de <span class=\"screen-reader-text\">Sans-papiers<\/span><\/a><\/p>\n","protected":false},"author":2,"featured_media":0,"comment_status":"closed","ping_status":"closed","sticky":false,"template":"","format":"standard","meta":{"footnotes":""},"categories":[5],"tags":[276,248,277],"class_list":["post-1609","post","type-post","status-publish","format-standard","hentry","category-evenement","tag-lutte","tag-rue","tag-sans-papiers"],"_links":{"self":[{"href":"https:\/\/jlggb.net\/blog2\/index.php?rest_route=\/wp\/v2\/posts\/1609","targetHints":{"allow":["GET"]}}],"collection":[{"href":"https:\/\/jlggb.net\/blog2\/index.php?rest_route=\/wp\/v2\/posts"}],"about":[{"href":"https:\/\/jlggb.net\/blog2\/index.php?rest_route=\/wp\/v2\/types\/post"}],"author":[{"embeddable":true,"href":"https:\/\/jlggb.net\/blog2\/index.php?rest_route=\/wp\/v2\/users\/2"}],"replies":[{"embeddable":true,"href":"https:\/\/jlggb.net\/blog2\/index.php?rest_route=%2Fwp%2Fv2%2Fcomments&post=1609"}],"version-history":[{"count":0,"href":"https:\/\/jlggb.net\/blog2\/index.php?rest_route=\/wp\/v2\/posts\/1609\/revisions"}],"wp:attachment":[{"href":"https:\/\/jlggb.net\/blog2\/index.php?rest_route=%2Fwp%2Fv2%2Fmedia&parent=1609"}],"wp:term":[{"taxonomy":"category","embeddable":true,"href":"https:\/\/jlggb.net\/blog2\/index.php?rest_route=%2Fwp%2Fv2%2Fcategories&post=1609"},{"taxonomy":"post_tag","embeddable":true,"href":"https:\/\/jlggb.net\/blog2\/index.php?rest_route=%2Fwp%2Fv2%2Ftags&post=1609"}],"curies":[{"name":"wp","href":"https:\/\/api.w.org\/{rel}","templated":true}]}}