{"id":1483,"date":"2010-03-13T23:59:36","date_gmt":"2010-03-13T22:59:36","guid":{"rendered":"http:\/\/jlggb.net\/blog2\/?p=1483"},"modified":"2025-11-16T00:25:53","modified_gmt":"2025-11-15T23:25:53","slug":"vivre-sa-vie","status":"publish","type":"post","link":"https:\/\/jlggb.net\/blog2\/?p=1483","title":{"rendered":"Vivre sa vie"},"content":{"rendered":"<p>Extrait de Jean-Luc Godard, <em>Vivre sa vie<\/em>, 1962. Photographie&nbsp;: Raoul Coutard. Chanson de Jean Ferrat. Anna Karina, Jean-Paul Savignac, Jean Ferrat.<\/p>\n<p>Jean-Luc Godard est n\u00e9 le 3 d\u00e9cembre 1930. Jean Ferrat est n\u00e9 le 26 d\u00e9cembre 1930. \u00ab Cela commence t\u00f4t, d\u00e8s sa rupture avec une famille de la grande bourgeoisie protestante. [\u2026] Jean-Luc Godard se r\u00eave tant\u00f4t juif, tant\u00f4t palestinien \u00bb (Jacques Mandelbaum, Le Monde, 11 mars 2010, \u00e0 propos du livre <em><em>Godard<\/em>, Biographie<\/em> d&rsquo;Antoine de Baecque, Grasset, 944 p., 2010). \u00ab Jean Ferrat, n\u00e9 Jean Tenenbaum, perd son p\u00e8re \u00e0 11 ans, lorsque ce juif \u00e9migr\u00e9 de Russie est d\u00e9port\u00e9 \u00e0 Auschwitz \u00bb (<em>Lib\u00e9ration<\/em>, 13 mars 2010).<\/p>\n<p>Godard veut qu&rsquo;elle soit Louise Brooks. Anna Karina, au moment du film <em>Vivre sa vie<\/em>, a 22 ans. Elle conna\u00eet une crise d\u00e9pressive, elle fait une tentative de suicide, le tournage s&rsquo;arr\u00eate une semaine. C&rsquo;est ce que je suis en train de lire, dans la biographie de Godard achet\u00e9e hier, quand s&rsquo;affiche sur mon iPhone le message \u00ab Derni\u00e8re minute. Le chanteur Jean Ferrat est mort \u00bb<\/p>\n<p style=\"text-align: center;\"><a href=\"https:\/\/jlggb.net\/blog2\/wp-content\/uploads\/2010\/03\/iPhone.jpg\" data-rel=\"lightbox-image-0\" data-imagelightbox=\"0\" data-rl_title=\"\" data-rl_caption=\"\"><img loading=\"lazy\" decoding=\"async\" class=\"size-full wp-image-1491 aligncenter\" title=\"\" src=\"https:\/\/jlggb.net\/blog2\/wp-content\/uploads\/2010\/03\/iPhone.jpg\" alt=\"\" width=\"200\" height=\"150\" srcset=\"https:\/\/jlggb.net\/blog2\/wp-content\/uploads\/2010\/03\/iPhone.jpg 1024w, https:\/\/jlggb.net\/blog2\/wp-content\/uploads\/2010\/03\/iPhone-300x225.jpg 300w\" sizes=\"auto, (max-width: 200px) 100vw, 200px\" \/><\/a>Samedi 13 mars 2010, vers 16h. \u00c9cran du iPhone.<\/p>\n<p><em><a href=\"https:\/\/jlggb.net\/blog2\/wp-content\/uploads\/2010\/03\/godard.jpg\" data-rel=\"lightbox-image-1\" data-imagelightbox=\"1\" data-rl_title=\"\" data-rl_caption=\"\"><img loading=\"lazy\" decoding=\"async\" class=\"alignnone size-full wp-image-1495\" title=\"\" src=\"https:\/\/jlggb.net\/blog2\/wp-content\/uploads\/2010\/03\/godard.jpg\" alt=\"\" width=\"640\" height=\"480\" srcset=\"https:\/\/jlggb.net\/blog2\/wp-content\/uploads\/2010\/03\/godard.jpg 1280w, https:\/\/jlggb.net\/blog2\/wp-content\/uploads\/2010\/03\/godard-300x225.jpg 300w, https:\/\/jlggb.net\/blog2\/wp-content\/uploads\/2010\/03\/godard-1024x768.jpg 1024w\" sizes=\"auto, (max-width: 640px) 100vw, 640px\" \/><\/a><\/em><br \/>\nAntoine de Baecque, dans <em>Godard, Biographie<\/em>, page 207, souligne que Brecht devient, \u00e0 l&rsquo;occasion de <em>Vivre sa vie<\/em>, une r\u00e9f\u00e9rence majeure pour Godard, ce dont t\u00e9moigne son emploi de la chanson de Jean Ferrat, <em>Ma m\u00f4me<\/em>, 1960.<\/p>\n<p style=\"text-align: center;\"><a href=\"https:\/\/jlggb.net\/blog2\/wp-content\/uploads\/2010\/03\/jean-ferrat.jpg\" data-rel=\"lightbox-image-2\" data-imagelightbox=\"2\" data-rl_title=\"\" data-rl_caption=\"\"><img loading=\"lazy\" decoding=\"async\" class=\"size-full wp-image-1497 aligncenter\" title=\"\" src=\"https:\/\/jlggb.net\/blog2\/wp-content\/uploads\/2010\/03\/jean-ferrat.jpg\" alt=\"\" width=\"200\" height=\"198\" srcset=\"https:\/\/jlggb.net\/blog2\/wp-content\/uploads\/2010\/03\/jean-ferrat.jpg 500w, https:\/\/jlggb.net\/blog2\/wp-content\/uploads\/2010\/03\/jean-ferrat-150x150.jpg 150w, https:\/\/jlggb.net\/blog2\/wp-content\/uploads\/2010\/03\/jean-ferrat-300x297.jpg 300w\" sizes=\"auto, (max-width: 200px) 100vw, 200px\" \/><\/a>Jean Ferrat. Disque 45 tours Decca, 1960.<\/p>\n","protected":false},"excerpt":{"rendered":"<p>Extrait de Jean-Luc Godard, Vivre sa vie, 1962. Photographie&nbsp;: Raoul Coutard. Chanson de Jean Ferrat. Anna Karina, Jean-Paul Savignac, Jean Ferrat. Jean-Luc Godard est n\u00e9 le 3 d\u00e9cembre 1930. Jean Ferrat est n\u00e9 le 26 d\u00e9cembre 1930. \u00ab Cela commence t\u00f4t, d\u00e8s sa rupture avec une famille de la grande bourgeoisie protestante. [\u2026] Jean-Luc Godard &hellip; <a href=\"https:\/\/jlggb.net\/blog2\/?p=1483\" class=\"more-link\">Continuer la lecture de <span class=\"screen-reader-text\">Vivre sa vie<\/span><\/a><\/p>\n","protected":false},"author":2,"featured_media":0,"comment_status":"closed","ping_status":"closed","sticky":false,"template":"","format":"standard","meta":{"footnotes":""},"categories":[109,31,11,30],"tags":[263,262,261],"class_list":["post-1483","post","type-post","status-publish","format-standard","hentry","category-cinema","category-coincidence","category-livre","category-personne","tag-anna-karina","tag-jean-ferrat","tag-jean-luc-godard"],"_links":{"self":[{"href":"https:\/\/jlggb.net\/blog2\/index.php?rest_route=\/wp\/v2\/posts\/1483","targetHints":{"allow":["GET"]}}],"collection":[{"href":"https:\/\/jlggb.net\/blog2\/index.php?rest_route=\/wp\/v2\/posts"}],"about":[{"href":"https:\/\/jlggb.net\/blog2\/index.php?rest_route=\/wp\/v2\/types\/post"}],"author":[{"embeddable":true,"href":"https:\/\/jlggb.net\/blog2\/index.php?rest_route=\/wp\/v2\/users\/2"}],"replies":[{"embeddable":true,"href":"https:\/\/jlggb.net\/blog2\/index.php?rest_route=%2Fwp%2Fv2%2Fcomments&post=1483"}],"version-history":[{"count":1,"href":"https:\/\/jlggb.net\/blog2\/index.php?rest_route=\/wp\/v2\/posts\/1483\/revisions"}],"predecessor-version":[{"id":8554,"href":"https:\/\/jlggb.net\/blog2\/index.php?rest_route=\/wp\/v2\/posts\/1483\/revisions\/8554"}],"wp:attachment":[{"href":"https:\/\/jlggb.net\/blog2\/index.php?rest_route=%2Fwp%2Fv2%2Fmedia&parent=1483"}],"wp:term":[{"taxonomy":"category","embeddable":true,"href":"https:\/\/jlggb.net\/blog2\/index.php?rest_route=%2Fwp%2Fv2%2Fcategories&post=1483"},{"taxonomy":"post_tag","embeddable":true,"href":"https:\/\/jlggb.net\/blog2\/index.php?rest_route=%2Fwp%2Fv2%2Ftags&post=1483"}],"curies":[{"name":"wp","href":"https:\/\/api.w.org\/{rel}","templated":true}]}}