{"id":1478,"date":"2010-03-07T16:00:37","date_gmt":"2010-03-07T15:00:37","guid":{"rendered":"http:\/\/jlggb.net\/blog2\/?p=1478"},"modified":"2010-03-13T12:16:10","modified_gmt":"2010-03-13T11:16:10","slug":"reconstruction","status":"publish","type":"post","link":"https:\/\/jlggb.net\/blog2\/?p=1478","title":{"rendered":"Reconstruction"},"content":{"rendered":"<p><a href=\"https:\/\/jlggb.net\/blog2\/wp-content\/uploads\/2010\/03\/immeuble.jpg\" data-rel=\"lightbox-image-0\" data-imagelightbox=\"0\" data-rl_title=\"\" data-rl_caption=\"\"><img loading=\"lazy\" decoding=\"async\" class=\"alignnone size-full wp-image-1479\" title=\"\" src=\"https:\/\/jlggb.net\/blog2\/wp-content\/uploads\/2010\/03\/immeuble.jpg\" alt=\"\" width=\"640\" height=\"480\" srcset=\"https:\/\/jlggb.net\/blog2\/wp-content\/uploads\/2010\/03\/immeuble.jpg 1280w, https:\/\/jlggb.net\/blog2\/wp-content\/uploads\/2010\/03\/immeuble-300x225.jpg 300w, https:\/\/jlggb.net\/blog2\/wp-content\/uploads\/2010\/03\/immeuble-1024x768.jpg 1024w\" sizes=\"auto, (max-width: 640px) 100vw, 640px\" \/><\/a><br \/>\nDimanche 7 mars 2010, 16h. Ils habitaient Saint-Denis, ils viennent de s&rsquo;installer au Havre&nbsp;: Mariina (32 ans), Jean-Michel (33 ans) et Lazare (3 ans) ont choisi l&rsquo;un des derniers immeubles du plan de reconstruction (qui a donc, \u00e0 peu pr\u00e8s, leur \u00e2ge).<\/p>\n","protected":false},"excerpt":{"rendered":"<p>Dimanche 7 mars 2010, 16h. Ils habitaient Saint-Denis, ils viennent de s&rsquo;installer au Havre&nbsp;: Mariina (32 ans), Jean-Michel (33 ans) et Lazare (3 ans) ont choisi l&rsquo;un des derniers immeubles du plan de reconstruction (qui a donc, \u00e0 peu pr\u00e8s, leur \u00e2ge).<\/p>\n","protected":false},"author":2,"featured_media":0,"comment_status":"closed","ping_status":"closed","sticky":false,"template":"","format":"standard","meta":{"footnotes":""},"categories":[45],"tags":[28,251,260],"class_list":["post-1478","post","type-post","status-publish","format-standard","hentry","category-architecture","tag-immeuble","tag-le-havre","tag-reconstruction"],"_links":{"self":[{"href":"https:\/\/jlggb.net\/blog2\/index.php?rest_route=\/wp\/v2\/posts\/1478","targetHints":{"allow":["GET"]}}],"collection":[{"href":"https:\/\/jlggb.net\/blog2\/index.php?rest_route=\/wp\/v2\/posts"}],"about":[{"href":"https:\/\/jlggb.net\/blog2\/index.php?rest_route=\/wp\/v2\/types\/post"}],"author":[{"embeddable":true,"href":"https:\/\/jlggb.net\/blog2\/index.php?rest_route=\/wp\/v2\/users\/2"}],"replies":[{"embeddable":true,"href":"https:\/\/jlggb.net\/blog2\/index.php?rest_route=%2Fwp%2Fv2%2Fcomments&post=1478"}],"version-history":[{"count":0,"href":"https:\/\/jlggb.net\/blog2\/index.php?rest_route=\/wp\/v2\/posts\/1478\/revisions"}],"wp:attachment":[{"href":"https:\/\/jlggb.net\/blog2\/index.php?rest_route=%2Fwp%2Fv2%2Fmedia&parent=1478"}],"wp:term":[{"taxonomy":"category","embeddable":true,"href":"https:\/\/jlggb.net\/blog2\/index.php?rest_route=%2Fwp%2Fv2%2Fcategories&post=1478"},{"taxonomy":"post_tag","embeddable":true,"href":"https:\/\/jlggb.net\/blog2\/index.php?rest_route=%2Fwp%2Fv2%2Ftags&post=1478"}],"curies":[{"name":"wp","href":"https:\/\/api.w.org\/{rel}","templated":true}]}}