{"id":1427,"date":"2010-03-05T07:40:37","date_gmt":"2010-03-05T06:40:37","guid":{"rendered":"http:\/\/jlggb.net\/blog2\/?p=1427"},"modified":"2012-09-29T10:35:09","modified_gmt":"2012-09-29T09:35:09","slug":"le-jour-se-leve","status":"publish","type":"post","link":"https:\/\/jlggb.net\/blog2\/?p=1427","title":{"rendered":"Le jour se l\u00e8ve"},"content":{"rendered":"<p><a href=\"https:\/\/jlggb.net\/blog2\/wp-content\/uploads\/2010\/03\/gare-le-havre.jpg\" data-rel=\"lightbox-image-0\" data-imagelightbox=\"0\" data-rl_title=\"\" data-rl_caption=\"\"><img loading=\"lazy\" decoding=\"async\" class=\"alignnone size-full wp-image-1429\" title=\"\" src=\"https:\/\/jlggb.net\/blog2\/wp-content\/uploads\/2010\/03\/gare-le-havre.jpg\" alt=\"\" width=\"640\" height=\"480\" srcset=\"https:\/\/jlggb.net\/blog2\/wp-content\/uploads\/2010\/03\/gare-le-havre.jpg 1280w, https:\/\/jlggb.net\/blog2\/wp-content\/uploads\/2010\/03\/gare-le-havre-300x225.jpg 300w, https:\/\/jlggb.net\/blog2\/wp-content\/uploads\/2010\/03\/gare-le-havre-1024x768.jpg 1024w\" sizes=\"auto, (max-width: 640px) 100vw, 640px\" \/><\/a><br \/>\n<a href=\"https:\/\/jlggb.net\/blog2\/wp-content\/uploads\/2010\/03\/chambre-volet.jpg\" data-rel=\"lightbox-image-1\" data-imagelightbox=\"1\" data-rl_title=\"\" data-rl_caption=\"\"><img loading=\"lazy\" decoding=\"async\" class=\"alignnone size-full wp-image-1475\" title=\"\" src=\"https:\/\/jlggb.net\/blog2\/wp-content\/uploads\/2010\/03\/chambre-volet.jpg\" alt=\"\" width=\"640\" height=\"480\" \/><\/a><br \/>\nVendredi 5 mars 2010, 7h30, La gare du Havre depuis l&rsquo;H\u00f4tel Parisien, l&rsquo;int\u00e9rieur au 4e \u00e9tage.<br \/>\n[flv:https:\/\/jlggb.net\/blog2\/wp-flv\/volet.flv 480 380]S\u00e9quence de 28 secondes.<\/p>\n","protected":false},"excerpt":{"rendered":"<p>Vendredi 5 mars 2010, 7h30, La gare du Havre depuis l&rsquo;H\u00f4tel Parisien, l&rsquo;int\u00e9rieur au 4e \u00e9tage. [flv:https:\/\/jlggb.net\/blog2\/wp-flv\/volet.flv 480 380]S\u00e9quence de 28 secondes.<\/p>\n","protected":false},"author":2,"featured_media":0,"comment_status":"closed","ping_status":"closed","sticky":false,"template":"","format":"standard","meta":{"footnotes":""},"categories":[166,5,7,74],"tags":[198,251,252],"class_list":["post-1427","post","type-post","status-publish","format-standard","hentry","category-couleur","category-evenement","category-moment","category-monument","tag-chambre","tag-le-havre","tag-lever-de-soleil"],"_links":{"self":[{"href":"https:\/\/jlggb.net\/blog2\/index.php?rest_route=\/wp\/v2\/posts\/1427","targetHints":{"allow":["GET"]}}],"collection":[{"href":"https:\/\/jlggb.net\/blog2\/index.php?rest_route=\/wp\/v2\/posts"}],"about":[{"href":"https:\/\/jlggb.net\/blog2\/index.php?rest_route=\/wp\/v2\/types\/post"}],"author":[{"embeddable":true,"href":"https:\/\/jlggb.net\/blog2\/index.php?rest_route=\/wp\/v2\/users\/2"}],"replies":[{"embeddable":true,"href":"https:\/\/jlggb.net\/blog2\/index.php?rest_route=%2Fwp%2Fv2%2Fcomments&post=1427"}],"version-history":[{"count":0,"href":"https:\/\/jlggb.net\/blog2\/index.php?rest_route=\/wp\/v2\/posts\/1427\/revisions"}],"wp:attachment":[{"href":"https:\/\/jlggb.net\/blog2\/index.php?rest_route=%2Fwp%2Fv2%2Fmedia&parent=1427"}],"wp:term":[{"taxonomy":"category","embeddable":true,"href":"https:\/\/jlggb.net\/blog2\/index.php?rest_route=%2Fwp%2Fv2%2Fcategories&post=1427"},{"taxonomy":"post_tag","embeddable":true,"href":"https:\/\/jlggb.net\/blog2\/index.php?rest_route=%2Fwp%2Fv2%2Ftags&post=1427"}],"curies":[{"name":"wp","href":"https:\/\/api.w.org\/{rel}","templated":true}]}}