{"id":1418,"date":"2010-03-05T17:00:25","date_gmt":"2010-03-05T16:00:25","guid":{"rendered":"http:\/\/jlggb.net\/blog2\/?p=1418"},"modified":"2025-11-16T00:27:48","modified_gmt":"2025-11-15T23:27:48","slug":"les-perspecteurs","status":"publish","type":"post","link":"https:\/\/jlggb.net\/blog2\/?p=1418","title":{"rendered":"Les Perspecteurs"},"content":{"rendered":"<p><a href=\"https:\/\/jlggb.net\/blog2\/wp-content\/uploads\/2010\/03\/perspecteurs-LH-perspective.jpg\" data-rel=\"lightbox-image-0\" data-imagelightbox=\"0\" data-rl_title=\"\" data-rl_caption=\"\"><img loading=\"lazy\" decoding=\"async\" class=\"alignnone size-full wp-image-1419\" title=\"\" src=\"https:\/\/jlggb.net\/blog2\/wp-content\/uploads\/2010\/03\/perspecteurs-LH-perspective.jpg\" alt=\"\" width=\"640\" height=\"358\" \/><\/a><br \/>\n<a href=\"https:\/\/jlggb.net\/blog2\/wp-content\/uploads\/2010\/03\/perspecteurs-LH-panorama.jpg\" data-rel=\"lightbox-image-1\" data-imagelightbox=\"1\" data-rl_title=\"\" data-rl_caption=\"\"><img loading=\"lazy\" decoding=\"async\" class=\"alignnone size-full wp-image-1420\" title=\"\" src=\"https:\/\/jlggb.net\/blog2\/wp-content\/uploads\/2010\/03\/perspecteurs-LH-panorama.jpg\" alt=\"\" width=\"640\" height=\"358\" srcset=\"https:\/\/jlggb.net\/blog2\/wp-content\/uploads\/2010\/03\/perspecteurs-LH-panorama.jpg 1280w, https:\/\/jlggb.net\/blog2\/wp-content\/uploads\/2010\/03\/perspecteurs-LH-panorama-300x167.jpg 300w, https:\/\/jlggb.net\/blog2\/wp-content\/uploads\/2010\/03\/perspecteurs-LH-panorama-1024x572.jpg 1024w\" sizes=\"auto, (max-width: 640px) 100vw, 640px\" \/><\/a><br \/>\nVendredi 5 mars 2010, 17h, galerie de l&rsquo;\u00c9cole sup\u00e9rieure d&rsquo;art du Havre&nbsp;: premi\u00e8re fran\u00e7aise de l&rsquo;installation vid\u00e9o-interactive <em>Les Perspecteurs<\/em>, cr\u00e9\u00e9e \u00e0 Sienne, Palazzo delle Papesse, sur l&rsquo;invitation de Emanuele Quinz, en octobre 2004.<\/p>\n<p><a href=\"https:\/\/jlggb.net\/blog2\/wp-content\/uploads\/2010\/03\/Les-Perspecteurs-1647-48.jpg\" data-rel=\"lightbox-image-2\" data-imagelightbox=\"2\" data-rl_title=\"\" data-rl_caption=\"\"><img loading=\"lazy\" decoding=\"async\" class=\"alignnone size-full wp-image-1424\" title=\"\" src=\"https:\/\/jlggb.net\/blog2\/wp-content\/uploads\/2010\/03\/Les-Perspecteurs-1647-48.jpg\" alt=\"\" width=\"240\" height=\"392\" srcset=\"https:\/\/jlggb.net\/blog2\/wp-content\/uploads\/2010\/03\/Les-Perspecteurs-1647-48.jpg 370w, https:\/\/jlggb.net\/blog2\/wp-content\/uploads\/2010\/03\/Les-Perspecteurs-1647-48-184x300.jpg 184w\" sizes=\"auto, (max-width: 240px) 100vw, 240px\" \/><\/a><br \/>\nLe titre <em>Les Perspecteurs <\/em>est emprunt\u00e9 \u00e0 la gravure d&rsquo;Abraham Bosse traitant de la m\u00e9thode de Girard Desargues, Paris 1647-48. Clich\u00e9 Biblioth\u00e8que nationale de France.<\/p>\n","protected":false},"excerpt":{"rendered":"<p>Vendredi 5 mars 2010, 17h, galerie de l&rsquo;\u00c9cole sup\u00e9rieure d&rsquo;art du Havre&nbsp;: premi\u00e8re fran\u00e7aise de l&rsquo;installation vid\u00e9o-interactive Les Perspecteurs, cr\u00e9\u00e9e \u00e0 Sienne, Palazzo delle Papesse, sur l&rsquo;invitation de Emanuele Quinz, en octobre 2004. Le titre Les Perspecteurs est emprunt\u00e9 \u00e0 la gravure d&rsquo;Abraham Bosse traitant de la m\u00e9thode de Girard Desargues, Paris 1647-48. Clich\u00e9 Biblioth\u00e8que &hellip; <a href=\"https:\/\/jlggb.net\/blog2\/?p=1418\" class=\"more-link\">Continuer la lecture de <span class=\"screen-reader-text\">Les Perspecteurs<\/span><\/a><\/p>\n","protected":false},"author":2,"featured_media":0,"comment_status":"closed","ping_status":"closed","sticky":false,"template":"","format":"standard","meta":{"footnotes":""},"categories":[95,74],"tags":[72,251],"class_list":["post-1418","post","type-post","status-publish","format-standard","hentry","category-exposition","category-monument","tag-installation","tag-le-havre"],"_links":{"self":[{"href":"https:\/\/jlggb.net\/blog2\/index.php?rest_route=\/wp\/v2\/posts\/1418","targetHints":{"allow":["GET"]}}],"collection":[{"href":"https:\/\/jlggb.net\/blog2\/index.php?rest_route=\/wp\/v2\/posts"}],"about":[{"href":"https:\/\/jlggb.net\/blog2\/index.php?rest_route=\/wp\/v2\/types\/post"}],"author":[{"embeddable":true,"href":"https:\/\/jlggb.net\/blog2\/index.php?rest_route=\/wp\/v2\/users\/2"}],"replies":[{"embeddable":true,"href":"https:\/\/jlggb.net\/blog2\/index.php?rest_route=%2Fwp%2Fv2%2Fcomments&post=1418"}],"version-history":[{"count":3,"href":"https:\/\/jlggb.net\/blog2\/index.php?rest_route=\/wp\/v2\/posts\/1418\/revisions"}],"predecessor-version":[{"id":8556,"href":"https:\/\/jlggb.net\/blog2\/index.php?rest_route=\/wp\/v2\/posts\/1418\/revisions\/8556"}],"wp:attachment":[{"href":"https:\/\/jlggb.net\/blog2\/index.php?rest_route=%2Fwp%2Fv2%2Fmedia&parent=1418"}],"wp:term":[{"taxonomy":"category","embeddable":true,"href":"https:\/\/jlggb.net\/blog2\/index.php?rest_route=%2Fwp%2Fv2%2Fcategories&post=1418"},{"taxonomy":"post_tag","embeddable":true,"href":"https:\/\/jlggb.net\/blog2\/index.php?rest_route=%2Fwp%2Fv2%2Ftags&post=1418"}],"curies":[{"name":"wp","href":"https:\/\/api.w.org\/{rel}","templated":true}]}}