{"id":543,"date":"2026-02-14T15:01:51","date_gmt":"2026-02-14T14:01:51","guid":{"rendered":"https:\/\/jlggb.net\/blog10\/?p=543"},"modified":"2026-02-22T22:37:59","modified_gmt":"2026-02-22T21:37:59","slug":"furniture-sculpture","status":"publish","type":"post","link":"https:\/\/jlggb.net\/blog10\/2026\/02\/14\/furniture-sculpture\/","title":{"rendered":"Furniture Sculpture"},"content":{"rendered":"<p><a href=\"https:\/\/jlggb.net\/blog10\/wp-content\/uploads\/2026\/02\/armleder_mah_meubles_20260214-scaled.jpg\" data-rel=\"lightbox-image-0\" data-imagelightbox=\"0\" data-rl_title=\"\" data-rl_caption=\"\" title=\"\"><img loading=\"lazy\" decoding=\"async\" src=\"https:\/\/jlggb.net\/blog10\/wp-content\/uploads\/2026\/02\/armleder_mah_meubles_20260214-scaled.jpg\" alt=\"\" width=\"1920\" height=\"2560\" class=\"alignnone size-full wp-image-544\" srcset=\"https:\/\/jlggb.net\/blog10\/wp-content\/uploads\/2026\/02\/armleder_mah_meubles_20260214-scaled.jpg 1920w, https:\/\/jlggb.net\/blog10\/wp-content\/uploads\/2026\/02\/armleder_mah_meubles_20260214-225x300.jpg 225w, https:\/\/jlggb.net\/blog10\/wp-content\/uploads\/2026\/02\/armleder_mah_meubles_20260214-930x1240.jpg 930w, https:\/\/jlggb.net\/blog10\/wp-content\/uploads\/2026\/02\/armleder_mah_meubles_20260214-768x1024.jpg 768w, https:\/\/jlggb.net\/blog10\/wp-content\/uploads\/2026\/02\/armleder_mah_meubles_20260214-1152x1536.jpg 1152w, https:\/\/jlggb.net\/blog10\/wp-content\/uploads\/2026\/02\/armleder_mah_meubles_20260214-1536x2048.jpg 1536w\" sizes=\"auto, (max-width: 1920px) 100vw, 1920px\" \/><\/a><\/p>\n<p>Samedi 14 f\u00e9vrier 2026, 15h, Mus\u00e9e d&rsquo;art et d&rsquo;histoire, Gen\u00e8ve. Exposition \u00ab Observatoires \u00bb, John M Armleder, <em>Furniture Sculpture, AH (Si An)<\/em>, 2006, quatre chaises chrom\u00e9es Heberli Nais, acrylique sur toile, MAMCO. Ici, plus qu&rsquo;ailleurs, le \u00ab d\u00e9cor \u00bb du mus\u00e9e contribue \u00e0 la proposition. Voir&nbsp;: B\u00e2le, 18 juin 2010, <a href=\"https:\/\/jlggb.net\/blog2\/?p=2481\">https:\/\/jlggb.net\/blog2\/?p=2481<\/a><\/p>\n","protected":false},"excerpt":{"rendered":"<p>Samedi 14 f\u00e9vrier 2026, 15h, Mus\u00e9e d&rsquo;art et d&rsquo;histoire, Gen\u00e8ve. Exposition \u00ab Observatoires \u00bb, John M Armleder, Furniture Sculpture, AH (Si An), 2006, quatre chaises chrom\u00e9es Heberli Nais, acrylique sur toile, MAMCO. Ici, plus qu&rsquo;ailleurs, le \u00ab d\u00e9cor \u00bb du mus\u00e9e contribue \u00e0 la proposition. Voir&nbsp;: B\u00e2le, 18 juin 2010, https:\/\/jlggb.net\/blog2\/?p=2481<\/p>\n","protected":false},"author":1,"featured_media":0,"comment_status":"closed","ping_status":"closed","sticky":false,"template":"","format":"standard","meta":{"footnotes":""},"categories":[36,30,29],"tags":[15,127,126,43],"class_list":["post-543","post","type-post","status-publish","format-standard","hentry","category-art","category-collection","category-objet","tag-bois","tag-boiserie","tag-chaise","tag-peinture"],"_links":{"self":[{"href":"https:\/\/jlggb.net\/blog10\/wp-json\/wp\/v2\/posts\/543","targetHints":{"allow":["GET"]}}],"collection":[{"href":"https:\/\/jlggb.net\/blog10\/wp-json\/wp\/v2\/posts"}],"about":[{"href":"https:\/\/jlggb.net\/blog10\/wp-json\/wp\/v2\/types\/post"}],"author":[{"embeddable":true,"href":"https:\/\/jlggb.net\/blog10\/wp-json\/wp\/v2\/users\/1"}],"replies":[{"embeddable":true,"href":"https:\/\/jlggb.net\/blog10\/wp-json\/wp\/v2\/comments?post=543"}],"version-history":[{"count":10,"href":"https:\/\/jlggb.net\/blog10\/wp-json\/wp\/v2\/posts\/543\/revisions"}],"predecessor-version":[{"id":555,"href":"https:\/\/jlggb.net\/blog10\/wp-json\/wp\/v2\/posts\/543\/revisions\/555"}],"wp:attachment":[{"href":"https:\/\/jlggb.net\/blog10\/wp-json\/wp\/v2\/media?parent=543"}],"wp:term":[{"taxonomy":"category","embeddable":true,"href":"https:\/\/jlggb.net\/blog10\/wp-json\/wp\/v2\/categories?post=543"},{"taxonomy":"post_tag","embeddable":true,"href":"https:\/\/jlggb.net\/blog10\/wp-json\/wp\/v2\/tags?post=543"}],"curies":[{"name":"wp","href":"https:\/\/api.w.org\/{rel}","templated":true}]}}