{"id":956,"date":"2020-09-03T15:30:08","date_gmt":"2020-09-03T13:30:08","guid":{"rendered":"http:\/\/jlggb.net\/blog7\/?p=956"},"modified":"2020-09-06T13:39:32","modified_gmt":"2020-09-06T11:39:32","slug":"le-sous-bois","status":"publish","type":"post","link":"http:\/\/jlggb.net\/blog7\/le-sous-bois\/","title":{"rendered":"Le sous-bois"},"content":{"rendered":"<p><a href=\"http:\/\/jlggb.net\/blog7\/wp-content\/uploads\/2020\/09\/nivolet-bois-20200903-jlggb.jpg\" data-rel=\"lightbox-image-0\" data-imagelightbox=\"0\" data-rl_title=\"\" data-rl_caption=\"\" title=\"\"><img loading=\"lazy\" decoding=\"async\" src=\"http:\/\/jlggb.net\/blog7\/wp-content\/uploads\/2020\/09\/nivolet-bois-20200903-jlggb.jpg\" class=\"alignnone size-full wp-image-957\" alt=\"\" width=\"640\" height=\"480\" srcset=\"http:\/\/jlggb.net\/blog7\/wp-content\/uploads\/2020\/09\/nivolet-bois-20200903-jlggb.jpg 2400w, http:\/\/jlggb.net\/blog7\/wp-content\/uploads\/2020\/09\/nivolet-bois-20200903-jlggb-300x225.jpg 300w, http:\/\/jlggb.net\/blog7\/wp-content\/uploads\/2020\/09\/nivolet-bois-20200903-jlggb-768x576.jpg 768w, http:\/\/jlggb.net\/blog7\/wp-content\/uploads\/2020\/09\/nivolet-bois-20200903-jlggb-1024x768.jpg 1024w, http:\/\/jlggb.net\/blog7\/wp-content\/uploads\/2020\/09\/nivolet-bois-20200903-jlggb-150x113.jpg 150w\" sizes=\"auto, (max-width: 640px) 100vw, 640px\" \/><\/a><br \/>\n<a href=\"http:\/\/jlggb.net\/blog7\/wp-content\/uploads\/2020\/09\/nivolet-branches-20200903-jlggb.jpg\" data-rel=\"lightbox-image-1\" data-imagelightbox=\"1\" data-rl_title=\"\" data-rl_caption=\"\" title=\"\"><img loading=\"lazy\" decoding=\"async\" src=\"http:\/\/jlggb.net\/blog7\/wp-content\/uploads\/2020\/09\/nivolet-branches-20200903-jlggb.jpg\" alt=\"\" width=\"640\" height=\"480\" class=\"alignnone size-full wp-image-968\" \/><\/a><br \/>\nJeudi 3 septembre 2020, 15h30, mont du Nivolet, commune des D\u00e9serts, Savoie. Pour ne pas \u00eatre le m\u00eame qu&rsquo;\u00e0 l&rsquo;aller, avec ses pentes rocheuses difficiles, le chemin du retour est celui qui descend sans cesse \u00e0 travers bois.<\/p>\n","protected":false},"excerpt":{"rendered":"<p>Jeudi 3 septembre 2020, 15h30, mont du Nivolet, commune des D\u00e9serts, Savoie. Pour ne pas \u00eatre le m\u00eame qu&rsquo;\u00e0 l&rsquo;aller, avec ses pentes rocheuses difficiles, le chemin du retour est celui qui descend sans cesse \u00e0 travers bois.<\/p>\n","protected":false},"author":1,"featured_media":0,"comment_status":"closed","ping_status":"closed","sticky":false,"template":"","format":"standard","meta":{"footnotes":""},"categories":[107,19],"tags":[182,225,226,224],"class_list":["post-956","post","type-post","status-publish","format-standard","hentry","category-eprouver","category-revenir","tag-chemin","tag-foret","tag-marche","tag-nivolet"],"_links":{"self":[{"href":"http:\/\/jlggb.net\/blog7\/wp-json\/wp\/v2\/posts\/956","targetHints":{"allow":["GET"]}}],"collection":[{"href":"http:\/\/jlggb.net\/blog7\/wp-json\/wp\/v2\/posts"}],"about":[{"href":"http:\/\/jlggb.net\/blog7\/wp-json\/wp\/v2\/types\/post"}],"author":[{"embeddable":true,"href":"http:\/\/jlggb.net\/blog7\/wp-json\/wp\/v2\/users\/1"}],"replies":[{"embeddable":true,"href":"http:\/\/jlggb.net\/blog7\/wp-json\/wp\/v2\/comments?post=956"}],"version-history":[{"count":5,"href":"http:\/\/jlggb.net\/blog7\/wp-json\/wp\/v2\/posts\/956\/revisions"}],"predecessor-version":[{"id":969,"href":"http:\/\/jlggb.net\/blog7\/wp-json\/wp\/v2\/posts\/956\/revisions\/969"}],"wp:attachment":[{"href":"http:\/\/jlggb.net\/blog7\/wp-json\/wp\/v2\/media?parent=956"}],"wp:term":[{"taxonomy":"category","embeddable":true,"href":"http:\/\/jlggb.net\/blog7\/wp-json\/wp\/v2\/categories?post=956"},{"taxonomy":"post_tag","embeddable":true,"href":"http:\/\/jlggb.net\/blog7\/wp-json\/wp\/v2\/tags?post=956"}],"curies":[{"name":"wp","href":"https:\/\/api.w.org\/{rel}","templated":true}]}}