{"id":904,"date":"2020-08-22T17:00:15","date_gmt":"2020-08-22T15:00:15","guid":{"rendered":"http:\/\/jlggb.net\/blog7\/?p=904"},"modified":"2020-11-27T23:28:13","modified_gmt":"2020-11-27T22:28:13","slug":"cetait-la-cremaillere","status":"publish","type":"post","link":"http:\/\/jlggb.net\/blog7\/cetait-la-cremaillere\/","title":{"rendered":"\u00c0 la fa\u00e7on de la Suisse ?"},"content":{"rendered":"<p><img loading=\"lazy\" decoding=\"async\" class=\"alignnone size-full wp-image-905\" src=\"http:\/\/jlggb.net\/blog7\/wp-content\/uploads\/2020\/08\/viaduc-20200822-jlggb.jpg\" alt=\"\" width=\"640\" height=\"480\" srcset=\"http:\/\/jlggb.net\/blog7\/wp-content\/uploads\/2020\/08\/viaduc-20200822-jlggb.jpg 2400w, http:\/\/jlggb.net\/blog7\/wp-content\/uploads\/2020\/08\/viaduc-20200822-jlggb-300x225.jpg 300w, http:\/\/jlggb.net\/blog7\/wp-content\/uploads\/2020\/08\/viaduc-20200822-jlggb-768x576.jpg 768w, http:\/\/jlggb.net\/blog7\/wp-content\/uploads\/2020\/08\/viaduc-20200822-jlggb-1024x768.jpg 1024w, http:\/\/jlggb.net\/blog7\/wp-content\/uploads\/2020\/08\/viaduc-20200822-jlggb-150x113.jpg 150w\" sizes=\"auto, (max-width: 640px) 100vw, 640px\" \/><br \/>\nSamedi 22 ao\u00fbt 2020, 17h, viaduc des Fontanelles, Tr\u00e9vignin, Savoie. Le chemin de fer \u00e0 cr\u00e9maill\u00e8re qui reliait Aix-les-Bains au mont Revard \u2014 dont on dit qu&rsquo;il fut alors la premi\u00e8re station de ski fran\u00e7aise \u2014, un chantier d&rsquo;un an, de 1200 ouvriers, presque tous italiens, fut achev\u00e9 en 1892. Il s&rsquo;arr\u00eata en 1937. Ce fut un dispositif important pour faire d&rsquo;Aix les Bains-Le Revard\u00a0\u2014\u00a0un nom qui reste aujourd&rsquo;hui pour la SNCF\u00a0\u2014 une ville aussi bien lacustre que montagnarde, d&rsquo;un d\u00e9nivel\u00e9 de quelque 1200 m\u00e8tres pour une longueur de 9 km. Produit par Soci\u00e9t\u00e9 genevoise des chemins de fer \u00e0 voie \u00e9troite, avec la technique de l&rsquo;ing\u00e9nieur suisse Carl Roman Abt, la cr\u00e9maill\u00e8re avait quelque chose de la Suisse, que l&rsquo;on \u00e9prouve aujourd&rsquo;hui lorsqu&rsquo;on emprunte le long chemin, la tr\u00e8s longue pente sans r\u00e9pit \u2014 ici de 17%.<\/p>\n","protected":false},"excerpt":{"rendered":"<p>Samedi 22 ao\u00fbt 2020, 17h, viaduc des Fontanelles, Tr\u00e9vignin, Savoie. Le chemin de fer \u00e0 cr\u00e9maill\u00e8re qui reliait Aix-les-Bains au mont Revard \u2014 dont on dit qu&rsquo;il fut alors la premi\u00e8re station de ski fran\u00e7aise \u2014, un chantier d&rsquo;un an, de 1200 ouvriers, presque tous italiens, fut achev\u00e9 en 1892. Il s&rsquo;arr\u00eata en 1937. Ce &hellip; <a href=\"http:\/\/jlggb.net\/blog7\/cetait-la-cremaillere\/\" class=\"more-link\">Continuer la lecture de <span class=\"screen-reader-text\">\u00c0 la fa\u00e7on de la Suisse ?<\/span><\/a><\/p>\n","protected":false},"author":1,"featured_media":0,"comment_status":"closed","ping_status":"closed","sticky":false,"template":"","format":"standard","meta":{"footnotes":""},"categories":[210,107],"tags":[220,99],"class_list":["post-904","post","type-post","status-publish","format-standard","hentry","category-construire","category-eprouver","tag-cremaillere","tag-train"],"_links":{"self":[{"href":"http:\/\/jlggb.net\/blog7\/wp-json\/wp\/v2\/posts\/904","targetHints":{"allow":["GET"]}}],"collection":[{"href":"http:\/\/jlggb.net\/blog7\/wp-json\/wp\/v2\/posts"}],"about":[{"href":"http:\/\/jlggb.net\/blog7\/wp-json\/wp\/v2\/types\/post"}],"author":[{"embeddable":true,"href":"http:\/\/jlggb.net\/blog7\/wp-json\/wp\/v2\/users\/1"}],"replies":[{"embeddable":true,"href":"http:\/\/jlggb.net\/blog7\/wp-json\/wp\/v2\/comments?post=904"}],"version-history":[{"count":18,"href":"http:\/\/jlggb.net\/blog7\/wp-json\/wp\/v2\/posts\/904\/revisions"}],"predecessor-version":[{"id":1658,"href":"http:\/\/jlggb.net\/blog7\/wp-json\/wp\/v2\/posts\/904\/revisions\/1658"}],"wp:attachment":[{"href":"http:\/\/jlggb.net\/blog7\/wp-json\/wp\/v2\/media?parent=904"}],"wp:term":[{"taxonomy":"category","embeddable":true,"href":"http:\/\/jlggb.net\/blog7\/wp-json\/wp\/v2\/categories?post=904"},{"taxonomy":"post_tag","embeddable":true,"href":"http:\/\/jlggb.net\/blog7\/wp-json\/wp\/v2\/tags?post=904"}],"curies":[{"name":"wp","href":"https:\/\/api.w.org\/{rel}","templated":true}]}}