{"id":685,"date":"2020-06-07T16:30:42","date_gmt":"2020-06-07T14:30:42","guid":{"rendered":"http:\/\/jlggb.net\/blog7\/?p=685"},"modified":"2020-06-25T21:58:25","modified_gmt":"2020-06-25T19:58:25","slug":"un-passage-pierreux","status":"publish","type":"post","link":"http:\/\/jlggb.net\/blog7\/un-passage-pierreux\/","title":{"rendered":"Un passage pierreux"},"content":{"rendered":"<p><a href=\"http:\/\/jlggb.net\/blog7\/wp-content\/uploads\/2020\/06\/bois-vidal-20200607-jlggb.jpg\" data-rel=\"lightbox-image-0\" data-imagelightbox=\"0\" data-rl_title=\"\" data-rl_caption=\"\" title=\"\"><img loading=\"lazy\" decoding=\"async\" src=\"http:\/\/jlggb.net\/blog7\/wp-content\/uploads\/2020\/06\/bois-vidal-20200607-jlggb.jpg\" class=\"alignnone size-full wp-image-686\" alt=\"\" width=\"640\" height=\"480\" srcset=\"http:\/\/jlggb.net\/blog7\/wp-content\/uploads\/2020\/06\/bois-vidal-20200607-jlggb.jpg 2400w, http:\/\/jlggb.net\/blog7\/wp-content\/uploads\/2020\/06\/bois-vidal-20200607-jlggb-300x225.jpg 300w, http:\/\/jlggb.net\/blog7\/wp-content\/uploads\/2020\/06\/bois-vidal-20200607-jlggb-768x576.jpg 768w, http:\/\/jlggb.net\/blog7\/wp-content\/uploads\/2020\/06\/bois-vidal-20200607-jlggb-1024x768.jpg 1024w, http:\/\/jlggb.net\/blog7\/wp-content\/uploads\/2020\/06\/bois-vidal-20200607-jlggb-150x113.jpg 150w\" sizes=\"auto, (max-width: 640px) 100vw, 640px\" \/><\/a><br \/>\nDimanche 7 juin 2020, 16h30, Bois Vidal, Aix-les-Bains. En attendant les journ\u00e9es tr\u00e8s chaudes, un tour apr\u00e8s la pluie au Bois Vidal, nomm\u00e9 \u00ab&nbsp;parc \u00bb, depuis les am\u00e9nagements, pour le confirmer peut-\u00eatre comme public et \u00ab sportif \u00bb. Mais le rocher qui affleure le chemin montant en coexistant avec les mousses et les herbes, reste le signe d&rsquo;une \u00ab nature \u00bb.<\/p>\n","protected":false},"excerpt":{"rendered":"<p>Dimanche 7 juin 2020, 16h30, Bois Vidal, Aix-les-Bains. En attendant les journ\u00e9es tr\u00e8s chaudes, un tour apr\u00e8s la pluie au Bois Vidal, nomm\u00e9 \u00ab&nbsp;parc \u00bb, depuis les am\u00e9nagements, pour le confirmer peut-\u00eatre comme public et \u00ab sportif \u00bb. Mais le rocher qui affleure le chemin montant en coexistant avec les mousses et les herbes, reste &hellip; <a href=\"http:\/\/jlggb.net\/blog7\/un-passage-pierreux\/\" class=\"more-link\">Continuer la lecture de <span class=\"screen-reader-text\">Un passage pierreux<\/span><\/a><\/p>\n","protected":false},"author":1,"featured_media":0,"comment_status":"closed","ping_status":"closed","sticky":false,"template":"","format":"standard","meta":{"footnotes":""},"categories":[107],"tags":[182,180,181],"class_list":["post-685","post","type-post","status-publish","format-standard","hentry","category-eprouver","tag-chemin","tag-promenade","tag-rocher"],"_links":{"self":[{"href":"http:\/\/jlggb.net\/blog7\/wp-json\/wp\/v2\/posts\/685","targetHints":{"allow":["GET"]}}],"collection":[{"href":"http:\/\/jlggb.net\/blog7\/wp-json\/wp\/v2\/posts"}],"about":[{"href":"http:\/\/jlggb.net\/blog7\/wp-json\/wp\/v2\/types\/post"}],"author":[{"embeddable":true,"href":"http:\/\/jlggb.net\/blog7\/wp-json\/wp\/v2\/users\/1"}],"replies":[{"embeddable":true,"href":"http:\/\/jlggb.net\/blog7\/wp-json\/wp\/v2\/comments?post=685"}],"version-history":[{"count":7,"href":"http:\/\/jlggb.net\/blog7\/wp-json\/wp\/v2\/posts\/685\/revisions"}],"predecessor-version":[{"id":730,"href":"http:\/\/jlggb.net\/blog7\/wp-json\/wp\/v2\/posts\/685\/revisions\/730"}],"wp:attachment":[{"href":"http:\/\/jlggb.net\/blog7\/wp-json\/wp\/v2\/media?parent=685"}],"wp:term":[{"taxonomy":"category","embeddable":true,"href":"http:\/\/jlggb.net\/blog7\/wp-json\/wp\/v2\/categories?post=685"},{"taxonomy":"post_tag","embeddable":true,"href":"http:\/\/jlggb.net\/blog7\/wp-json\/wp\/v2\/tags?post=685"}],"curies":[{"name":"wp","href":"https:\/\/api.w.org\/{rel}","templated":true}]}}