{"id":3608,"date":"2021-09-08T09:00:10","date_gmt":"2021-09-08T07:00:10","guid":{"rendered":"http:\/\/jlggb.net\/blog7\/?p=3608"},"modified":"2021-09-22T22:35:19","modified_gmt":"2021-09-22T20:35:19","slug":"vert-et-jaune","status":"publish","type":"post","link":"http:\/\/jlggb.net\/blog7\/vert-et-jaune\/","title":{"rendered":"Vert et jaune"},"content":{"rendered":"<p><a href=\"http:\/\/jlggb.net\/blog7\/wp-content\/uploads\/2021\/09\/milan-cour-20210908-jlggb-scaled.jpg\" data-rel=\"lightbox-image-0\" data-imagelightbox=\"0\" data-rl_title=\"\" data-rl_caption=\"\" title=\"\"><img loading=\"lazy\" decoding=\"async\" class=\"alignnone size-full wp-image-3609\" src=\"http:\/\/jlggb.net\/blog7\/wp-content\/uploads\/2021\/09\/milan-cour-20210908-jlggb-scaled.jpg\" alt=\"\" width=\"640\" height=\"480\" srcset=\"http:\/\/jlggb.net\/blog7\/wp-content\/uploads\/2021\/09\/milan-cour-20210908-jlggb-scaled.jpg 2560w, http:\/\/jlggb.net\/blog7\/wp-content\/uploads\/2021\/09\/milan-cour-20210908-jlggb-1800x1350.jpg 1800w, http:\/\/jlggb.net\/blog7\/wp-content\/uploads\/2021\/09\/milan-cour-20210908-jlggb-768x576.jpg 768w, http:\/\/jlggb.net\/blog7\/wp-content\/uploads\/2021\/09\/milan-cour-20210908-jlggb-1536x1152.jpg 1536w, http:\/\/jlggb.net\/blog7\/wp-content\/uploads\/2021\/09\/milan-cour-20210908-jlggb-2048x1536.jpg 2048w, http:\/\/jlggb.net\/blog7\/wp-content\/uploads\/2021\/09\/milan-cour-20210908-jlggb-150x113.jpg 150w\" sizes=\"auto, (max-width: 640px) 100vw, 640px\" \/><\/a><br \/>\nMercredi 8 septembre, 9h, rue Gaetano de Castillia, Milan. La chambre o\u00f9 l&rsquo;on habite pour quatre jours est \u00e0 deux pas de Bosco Verticale, les deux tours charg\u00e9es de 21 000 plantes, dont 800 arbres, proposition embl\u00e9matique de Stefano Boeri pour une \u00e9cologie urbaine et signal de la transformation du quartier Porta Nuova. Plut\u00f4t que d&rsquo;en donner une image suppl\u00e9mentaire, je pr\u00e9f\u00e8re montrer comment les maisons classiques savent associer le vert des plantes des coursives au jaune puissant des murs.<\/p>\n","protected":false},"excerpt":{"rendered":"<p>Mercredi 8 septembre, 9h, rue Gaetano de Castillia, Milan. La chambre o\u00f9 l&rsquo;on habite pour quatre jours est \u00e0 deux pas de Bosco Verticale, les deux tours charg\u00e9es de 21 000 plantes, dont 800 arbres, proposition embl\u00e9matique de Stefano Boeri pour une \u00e9cologie urbaine et signal de la transformation du quartier Porta Nuova. Plut\u00f4t que &hellip; <a href=\"http:\/\/jlggb.net\/blog7\/vert-et-jaune\/\" class=\"more-link\">Continuer la lecture de <span class=\"screen-reader-text\">Vert et jaune<\/span><\/a><\/p>\n","protected":false},"author":1,"featured_media":0,"comment_status":"closed","ping_status":"closed","sticky":false,"template":"","format":"standard","meta":{"footnotes":""},"categories":[62],"tags":[557,556,55],"class_list":["post-3608","post","type-post","status-publish","format-standard","hentry","category-designer","tag-ecologie","tag-habitat","tag-plante"],"_links":{"self":[{"href":"http:\/\/jlggb.net\/blog7\/wp-json\/wp\/v2\/posts\/3608","targetHints":{"allow":["GET"]}}],"collection":[{"href":"http:\/\/jlggb.net\/blog7\/wp-json\/wp\/v2\/posts"}],"about":[{"href":"http:\/\/jlggb.net\/blog7\/wp-json\/wp\/v2\/types\/post"}],"author":[{"embeddable":true,"href":"http:\/\/jlggb.net\/blog7\/wp-json\/wp\/v2\/users\/1"}],"replies":[{"embeddable":true,"href":"http:\/\/jlggb.net\/blog7\/wp-json\/wp\/v2\/comments?post=3608"}],"version-history":[{"count":8,"href":"http:\/\/jlggb.net\/blog7\/wp-json\/wp\/v2\/posts\/3608\/revisions"}],"predecessor-version":[{"id":3617,"href":"http:\/\/jlggb.net\/blog7\/wp-json\/wp\/v2\/posts\/3608\/revisions\/3617"}],"wp:attachment":[{"href":"http:\/\/jlggb.net\/blog7\/wp-json\/wp\/v2\/media?parent=3608"}],"wp:term":[{"taxonomy":"category","embeddable":true,"href":"http:\/\/jlggb.net\/blog7\/wp-json\/wp\/v2\/categories?post=3608"},{"taxonomy":"post_tag","embeddable":true,"href":"http:\/\/jlggb.net\/blog7\/wp-json\/wp\/v2\/tags?post=3608"}],"curies":[{"name":"wp","href":"https:\/\/api.w.org\/{rel}","templated":true}]}}