{"id":3545,"date":"2021-09-07T15:30:42","date_gmt":"2021-09-07T13:30:42","guid":{"rendered":"http:\/\/jlggb.net\/blog7\/?p=3545"},"modified":"2021-09-10T21:53:13","modified_gmt":"2021-09-10T19:53:13","slug":"enzo-mari-2","status":"publish","type":"post","link":"http:\/\/jlggb.net\/blog7\/enzo-mari-2\/","title":{"rendered":"Enzo Mari"},"content":{"rendered":"<p><a href=\"http:\/\/jlggb.net\/blog7\/wp-content\/uploads\/2021\/09\/enzo-mari-fleche-20210907-instagram-scaled.jpg\" data-rel=\"lightbox-image-0\" data-imagelightbox=\"0\" data-rl_title=\"\" data-rl_caption=\"\" title=\"\"><img loading=\"lazy\" decoding=\"async\" class=\"alignnone wp-image-3548\" src=\"http:\/\/jlggb.net\/blog7\/wp-content\/uploads\/2021\/09\/enzo-mari-fleche-20210907-instagram-scaled.jpg\" alt=\"\" width=\"640\" height=\"640\" srcset=\"http:\/\/jlggb.net\/blog7\/wp-content\/uploads\/2021\/09\/enzo-mari-fleche-20210907-instagram-scaled.jpg 2560w, http:\/\/jlggb.net\/blog7\/wp-content\/uploads\/2021\/09\/enzo-mari-fleche-20210907-instagram-1800x1800.jpg 1800w, http:\/\/jlggb.net\/blog7\/wp-content\/uploads\/2021\/09\/enzo-mari-fleche-20210907-instagram-320x320.jpg 320w, http:\/\/jlggb.net\/blog7\/wp-content\/uploads\/2021\/09\/enzo-mari-fleche-20210907-instagram-768x768.jpg 768w, http:\/\/jlggb.net\/blog7\/wp-content\/uploads\/2021\/09\/enzo-mari-fleche-20210907-instagram-1536x1536.jpg 1536w, http:\/\/jlggb.net\/blog7\/wp-content\/uploads\/2021\/09\/enzo-mari-fleche-20210907-instagram-2048x2048.jpg 2048w, http:\/\/jlggb.net\/blog7\/wp-content\/uploads\/2021\/09\/enzo-mari-fleche-20210907-instagram-150x150.jpg 150w\" sizes=\"auto, (max-width: 640px) 100vw, 640px\" \/><\/a><br \/>\nMardi 7 septembre 2021, 15h30, Triennale, Milan. Sa derni\u00e8re grand monographie avait d\u00e9but\u00e9 deux jours avant sa disparition, en octobre 2020. Elle se termine dimanche prochain. Ce sera la derni\u00e8re avant 40 ans car il a voulu que ce temps passe avant que ses \u0153uvres puissent \u00eatre montr\u00e9es \u00e0 nouveau. Au terme d&rsquo;un espace si riche, je photographie sa fl\u00e8che et son visage en vid\u00e9o appara\u00eet dans la perspective de l&rsquo;angle du mur.<\/p>\n","protected":false},"excerpt":{"rendered":"<p>Mardi 7 septembre 2021, 15h30, Triennale, Milan. Sa derni\u00e8re grand monographie avait d\u00e9but\u00e9 deux jours avant sa disparition, en octobre 2020. Elle se termine dimanche prochain. Ce sera la derni\u00e8re avant 40 ans car il a voulu que ce temps passe avant que ses \u0153uvres puissent \u00eatre montr\u00e9es \u00e0 nouveau. Au terme d&rsquo;un espace si &hellip; <a href=\"http:\/\/jlggb.net\/blog7\/enzo-mari-2\/\" class=\"more-link\">Continuer la lecture de <span class=\"screen-reader-text\">Enzo Mari<\/span><\/a><\/p>\n","protected":false},"author":1,"featured_media":0,"comment_status":"closed","ping_status":"closed","sticky":false,"template":"","format":"standard","meta":{"footnotes":""},"categories":[30,326],"tags":[266,550,549],"class_list":["post-3545","post","type-post","status-publish","format-standard","hentry","category-figurer","category-memoriser","tag-enzo-mari","tag-milan","tag-triennale"],"_links":{"self":[{"href":"http:\/\/jlggb.net\/blog7\/wp-json\/wp\/v2\/posts\/3545","targetHints":{"allow":["GET"]}}],"collection":[{"href":"http:\/\/jlggb.net\/blog7\/wp-json\/wp\/v2\/posts"}],"about":[{"href":"http:\/\/jlggb.net\/blog7\/wp-json\/wp\/v2\/types\/post"}],"author":[{"embeddable":true,"href":"http:\/\/jlggb.net\/blog7\/wp-json\/wp\/v2\/users\/1"}],"replies":[{"embeddable":true,"href":"http:\/\/jlggb.net\/blog7\/wp-json\/wp\/v2\/comments?post=3545"}],"version-history":[{"count":4,"href":"http:\/\/jlggb.net\/blog7\/wp-json\/wp\/v2\/posts\/3545\/revisions"}],"predecessor-version":[{"id":3550,"href":"http:\/\/jlggb.net\/blog7\/wp-json\/wp\/v2\/posts\/3545\/revisions\/3550"}],"wp:attachment":[{"href":"http:\/\/jlggb.net\/blog7\/wp-json\/wp\/v2\/media?parent=3545"}],"wp:term":[{"taxonomy":"category","embeddable":true,"href":"http:\/\/jlggb.net\/blog7\/wp-json\/wp\/v2\/categories?post=3545"},{"taxonomy":"post_tag","embeddable":true,"href":"http:\/\/jlggb.net\/blog7\/wp-json\/wp\/v2\/tags?post=3545"}],"curies":[{"name":"wp","href":"https:\/\/api.w.org\/{rel}","templated":true}]}}