{"id":3467,"date":"2021-08-20T13:30:44","date_gmt":"2021-08-20T11:30:44","guid":{"rendered":"http:\/\/jlggb.net\/blog7\/?p=3467"},"modified":"2021-08-24T23:32:31","modified_gmt":"2021-08-24T21:32:31","slug":"le-temps-des-machines","status":"publish","type":"post","link":"http:\/\/jlggb.net\/blog7\/le-temps-des-machines\/","title":{"rendered":"Le temps des machines"},"content":{"rendered":"<p><a href=\"http:\/\/jlggb.net\/blog7\/wp-content\/uploads\/2021\/08\/valence-machines-20210820-jlggb-scaled.jpg\" data-rel=\"lightbox-image-0\" data-imagelightbox=\"0\" data-rl_title=\"\" data-rl_caption=\"\" title=\"\"><img loading=\"lazy\" decoding=\"async\" src=\"http:\/\/jlggb.net\/blog7\/wp-content\/uploads\/2021\/08\/valence-machines-20210820-jlggb-scaled.jpg\" alt=\"\" width=\"640\" height=\"480\" class=\"alignnone size-full wp-image-3468\" srcset=\"http:\/\/jlggb.net\/blog7\/wp-content\/uploads\/2021\/08\/valence-machines-20210820-jlggb-scaled.jpg 2560w, http:\/\/jlggb.net\/blog7\/wp-content\/uploads\/2021\/08\/valence-machines-20210820-jlggb-1800x1350.jpg 1800w, http:\/\/jlggb.net\/blog7\/wp-content\/uploads\/2021\/08\/valence-machines-20210820-jlggb-768x576.jpg 768w, http:\/\/jlggb.net\/blog7\/wp-content\/uploads\/2021\/08\/valence-machines-20210820-jlggb-1536x1152.jpg 1536w, http:\/\/jlggb.net\/blog7\/wp-content\/uploads\/2021\/08\/valence-machines-20210820-jlggb-2048x1536.jpg 2048w, http:\/\/jlggb.net\/blog7\/wp-content\/uploads\/2021\/08\/valence-machines-20210820-jlggb-150x113.jpg 150w\" sizes=\"auto, (max-width: 640px) 100vw, 640px\" \/><\/a><br \/>\nVendredi 20 ao\u00fbt 2021, 13h 30, Valence. En face de la Salle des f\u00eates \u2014 devenue un th\u00e9\u00e2tre \u2014, o\u00f9, dans les ann\u00e9es 50, j&rsquo;ai \u00e9cout\u00e9 les conf\u00e9renciers de Connaissance du monde, dont Paul-\u00c9mile Victor et regard\u00e9 des films classiques, dont <em>La Belle et la b\u00eate<\/em>, se tenait un b\u00e2timent \u2014 aujourd&rsquo;hui en cours de destruction \u2014\u00a0qui allait devenir la m\u00e9diath\u00e8que et le si\u00e8ge du CRAC, Centre de recherche et d&rsquo;action culturelle, futur Lux. Propos\u00e9es par la directrice Fran\u00e7oise Calvez, les journ\u00e9es \u00ab\u00a0Cin\u00e9ma et litt\u00e9rature\u00a0\u00bb s&rsquo;intitul\u00e8rent, en novembre 1990, \u00ab\u00a0Le Temps des machines\u00a0\u00bb. Je fus invit\u00e9 \u00e0 parler de mon <em>Anthologie d&rsquo;images de synth\u00e8ses scientifiques<\/em>, expos\u00e9e pr\u00e9c\u00e9demment au Centre Pompidou dans \u00ab\u00a0Passages de l&rsquo;image\u00a0\u00bb. Avec le concours du Mus\u00e9e de Valence, cette installation vid\u00e9o fut pr\u00e9sent\u00e9e ici aux c\u00f4t\u00e9s de celles de deux stars, <em>Present, Continuous, Past(s)<\/em>, de Dan Graham et <em>Passage<\/em>, de Bill Viola. <\/p>\n","protected":false},"excerpt":{"rendered":"<p>Vendredi 20 ao\u00fbt 2021, 13h 30, Valence. En face de la Salle des f\u00eates \u2014 devenue un th\u00e9\u00e2tre \u2014, o\u00f9, dans les ann\u00e9es 50, j&rsquo;ai \u00e9cout\u00e9 les conf\u00e9renciers de Connaissance du monde, dont Paul-\u00c9mile Victor et regard\u00e9 des films classiques, dont La Belle et la b\u00eate, se tenait un b\u00e2timent \u2014 aujourd&rsquo;hui en cours de &hellip; <a href=\"http:\/\/jlggb.net\/blog7\/le-temps-des-machines\/\" class=\"more-link\">Continuer la lecture de <span class=\"screen-reader-text\">Le temps des machines<\/span><\/a><\/p>\n","protected":false},"author":1,"featured_media":0,"comment_status":"closed","ping_status":"closed","sticky":false,"template":"","format":"standard","meta":{"footnotes":""},"categories":[545,186,326,98],"tags":[539,69,538],"class_list":["post-3467","post","type-post","status-publish","format-standard","hentry","category-changer","category-exposer","category-memoriser","category-raconter","tag-machine","tag-temps","tag-video"],"_links":{"self":[{"href":"http:\/\/jlggb.net\/blog7\/wp-json\/wp\/v2\/posts\/3467","targetHints":{"allow":["GET"]}}],"collection":[{"href":"http:\/\/jlggb.net\/blog7\/wp-json\/wp\/v2\/posts"}],"about":[{"href":"http:\/\/jlggb.net\/blog7\/wp-json\/wp\/v2\/types\/post"}],"author":[{"embeddable":true,"href":"http:\/\/jlggb.net\/blog7\/wp-json\/wp\/v2\/users\/1"}],"replies":[{"embeddable":true,"href":"http:\/\/jlggb.net\/blog7\/wp-json\/wp\/v2\/comments?post=3467"}],"version-history":[{"count":8,"href":"http:\/\/jlggb.net\/blog7\/wp-json\/wp\/v2\/posts\/3467\/revisions"}],"predecessor-version":[{"id":3496,"href":"http:\/\/jlggb.net\/blog7\/wp-json\/wp\/v2\/posts\/3467\/revisions\/3496"}],"wp:attachment":[{"href":"http:\/\/jlggb.net\/blog7\/wp-json\/wp\/v2\/media?parent=3467"}],"wp:term":[{"taxonomy":"category","embeddable":true,"href":"http:\/\/jlggb.net\/blog7\/wp-json\/wp\/v2\/categories?post=3467"},{"taxonomy":"post_tag","embeddable":true,"href":"http:\/\/jlggb.net\/blog7\/wp-json\/wp\/v2\/tags?post=3467"}],"curies":[{"name":"wp","href":"https:\/\/api.w.org\/{rel}","templated":true}]}}