{"id":3382,"date":"2021-08-12T16:00:13","date_gmt":"2021-08-12T14:00:13","guid":{"rendered":"http:\/\/jlggb.net\/blog7\/?p=3382"},"modified":"2021-08-14T15:29:01","modified_gmt":"2021-08-14T13:29:01","slug":"lena-nyadbi","status":"publish","type":"post","link":"http:\/\/jlggb.net\/blog7\/lena-nyadbi\/","title":{"rendered":"Lena Nyadbi"},"content":{"rendered":"<p><a href=\"http:\/\/jlggb.net\/blog7\/wp-content\/uploads\/2021\/08\/lena-nyadby-02-20210812-jlggb-scaled.jpg\" data-rel=\"lightbox-image-0\" data-imagelightbox=\"0\" data-rl_title=\"\" data-rl_caption=\"\" title=\"\"><img loading=\"lazy\" decoding=\"async\" class=\"alignnone size-full wp-image-3383\" src=\"http:\/\/jlggb.net\/blog7\/wp-content\/uploads\/2021\/08\/lena-nyadby-02-20210812-jlggb-scaled.jpg\" alt=\"\" width=\"640\" height=\"480\" srcset=\"http:\/\/jlggb.net\/blog7\/wp-content\/uploads\/2021\/08\/lena-nyadby-02-20210812-jlggb-scaled.jpg 2560w, http:\/\/jlggb.net\/blog7\/wp-content\/uploads\/2021\/08\/lena-nyadby-02-20210812-jlggb-1800x1350.jpg 1800w, http:\/\/jlggb.net\/blog7\/wp-content\/uploads\/2021\/08\/lena-nyadby-02-20210812-jlggb-768x576.jpg 768w, http:\/\/jlggb.net\/blog7\/wp-content\/uploads\/2021\/08\/lena-nyadby-02-20210812-jlggb-1536x1152.jpg 1536w, http:\/\/jlggb.net\/blog7\/wp-content\/uploads\/2021\/08\/lena-nyadby-02-20210812-jlggb-2048x1536.jpg 2048w, http:\/\/jlggb.net\/blog7\/wp-content\/uploads\/2021\/08\/lena-nyadby-02-20210812-jlggb-150x113.jpg 150w\" sizes=\"auto, (max-width: 640px) 100vw, 640px\" \/><\/a><br \/>\nJeudi 12 ao\u00fbt 2021, 16h, Mus\u00e9e du quai Branly, Paris, 7e. Lena Nyadbi, <em>R\u00eave des \u00e9cailles de barramundi<\/em>, 2012, pigments naturels sur toile, d\u00e9tail. Cette artiste a aussi cr\u00e9\u00e9 le motif de la fa\u00e7ade du mus\u00e9e sur la rue de l&rsquo;Universit\u00e9.<\/p>\n","protected":false},"excerpt":{"rendered":"<p>Jeudi 12 ao\u00fbt 2021, 16h, Mus\u00e9e du quai Branly, Paris, 7e. Lena Nyadbi, R\u00eave des \u00e9cailles de barramundi, 2012, pigments naturels sur toile, d\u00e9tail. Cette artiste a aussi cr\u00e9\u00e9 le motif de la fa\u00e7ade du mus\u00e9e sur la rue de l&rsquo;Universit\u00e9.<\/p>\n","protected":false},"author":1,"featured_media":0,"comment_status":"closed","ping_status":"closed","sticky":false,"template":"","format":"standard","meta":{"footnotes":""},"categories":[186,30],"tags":[528,527,21],"class_list":["post-3382","post","type-post","status-publish","format-standard","hentry","category-exposer","category-figurer","tag-aborigenes","tag-australie","tag-peinture"],"_links":{"self":[{"href":"http:\/\/jlggb.net\/blog7\/wp-json\/wp\/v2\/posts\/3382","targetHints":{"allow":["GET"]}}],"collection":[{"href":"http:\/\/jlggb.net\/blog7\/wp-json\/wp\/v2\/posts"}],"about":[{"href":"http:\/\/jlggb.net\/blog7\/wp-json\/wp\/v2\/types\/post"}],"author":[{"embeddable":true,"href":"http:\/\/jlggb.net\/blog7\/wp-json\/wp\/v2\/users\/1"}],"replies":[{"embeddable":true,"href":"http:\/\/jlggb.net\/blog7\/wp-json\/wp\/v2\/comments?post=3382"}],"version-history":[{"count":3,"href":"http:\/\/jlggb.net\/blog7\/wp-json\/wp\/v2\/posts\/3382\/revisions"}],"predecessor-version":[{"id":3404,"href":"http:\/\/jlggb.net\/blog7\/wp-json\/wp\/v2\/posts\/3382\/revisions\/3404"}],"wp:attachment":[{"href":"http:\/\/jlggb.net\/blog7\/wp-json\/wp\/v2\/media?parent=3382"}],"wp:term":[{"taxonomy":"category","embeddable":true,"href":"http:\/\/jlggb.net\/blog7\/wp-json\/wp\/v2\/categories?post=3382"},{"taxonomy":"post_tag","embeddable":true,"href":"http:\/\/jlggb.net\/blog7\/wp-json\/wp\/v2\/tags?post=3382"}],"curies":[{"name":"wp","href":"https:\/\/api.w.org\/{rel}","templated":true}]}}