{"id":3032,"date":"2021-07-22T20:30:38","date_gmt":"2021-07-22T18:30:38","guid":{"rendered":"http:\/\/jlggb.net\/blog7\/?p=3032"},"modified":"2021-07-24T00:15:08","modified_gmt":"2021-07-23T22:15:08","slug":"lygia-pape","status":"publish","type":"post","link":"http:\/\/jlggb.net\/blog7\/lygia-pape\/","title":{"rendered":"Lygia Pape"},"content":{"rendered":"<p><a href=\"http:\/\/jlggb.net\/blog7\/wp-content\/uploads\/2021\/07\/lygia-pape-20210722-jlggb-scaled.jpg\" data-rel=\"lightbox-image-0\" data-imagelightbox=\"0\" data-rl_title=\"\" data-rl_caption=\"\" title=\"\"><img loading=\"lazy\" decoding=\"async\" class=\"alignnone size-full wp-image-3034\" src=\"http:\/\/jlggb.net\/blog7\/wp-content\/uploads\/2021\/07\/lygia-pape-20210722-jlggb-scaled.jpg\" alt=\"\" width=\"640\" height=\"480\" srcset=\"http:\/\/jlggb.net\/blog7\/wp-content\/uploads\/2021\/07\/lygia-pape-20210722-jlggb-scaled.jpg 2560w, http:\/\/jlggb.net\/blog7\/wp-content\/uploads\/2021\/07\/lygia-pape-20210722-jlggb-1800x1350.jpg 1800w, http:\/\/jlggb.net\/blog7\/wp-content\/uploads\/2021\/07\/lygia-pape-20210722-jlggb-768x576.jpg 768w, http:\/\/jlggb.net\/blog7\/wp-content\/uploads\/2021\/07\/lygia-pape-20210722-jlggb-1536x1152.jpg 1536w, http:\/\/jlggb.net\/blog7\/wp-content\/uploads\/2021\/07\/lygia-pape-20210722-jlggb-2048x1536.jpg 2048w, http:\/\/jlggb.net\/blog7\/wp-content\/uploads\/2021\/07\/lygia-pape-20210722-jlggb-150x113.jpg 150w\" sizes=\"auto, (max-width: 640px) 100vw, 640px\" \/><\/a><br \/>\nJeudi 22 juillet 2021, 20h 30, Mus\u00e9e national d\u2019art moderne, Centre Pompidou, Paris, exposition \u00ab Elles font l\u2019abstraction \u00bb. Lygia Pape (1927-2004, Rio de Janeiro), <em>Libro dos Caminhos I (1)<\/em>, 1963\/1976. De cette figure \u00a0innovante du n\u00e9o-concr\u00e9tisme br\u00e9silien, on d\u00e9couvre ici un ensemble de pi\u00e8ces color\u00e9es g\u00e9om\u00e9triques en trois dimensions, une r\u00e9invention ludique de l\u2019objet livre.<\/p>\n","protected":false},"excerpt":{"rendered":"<p>Jeudi 22 juillet 2021, 20h 30, Mus\u00e9e national d\u2019art moderne, Centre Pompidou, Paris, exposition \u00ab Elles font l\u2019abstraction \u00bb. Lygia Pape (1927-2004, Rio de Janeiro), Libro dos Caminhos I (1), 1963\/1976. De cette figure \u00a0innovante du n\u00e9o-concr\u00e9tisme br\u00e9silien, on d\u00e9couvre ici un ensemble de pi\u00e8ces color\u00e9es g\u00e9om\u00e9triques en trois dimensions, une r\u00e9invention ludique de l\u2019objet &hellip; <a href=\"http:\/\/jlggb.net\/blog7\/lygia-pape\/\" class=\"more-link\">Continuer la lecture de <span class=\"screen-reader-text\">Lygia Pape<\/span><\/a><\/p>\n","protected":false},"author":1,"featured_media":0,"comment_status":"closed","ping_status":"closed","sticky":false,"template":"","format":"standard","meta":{"footnotes":""},"categories":[210,17],"tags":[495,496],"class_list":["post-3032","post","type-post","status-publish","format-standard","hentry","category-construire","category-traduire","tag-bresil","tag-concret"],"_links":{"self":[{"href":"http:\/\/jlggb.net\/blog7\/wp-json\/wp\/v2\/posts\/3032","targetHints":{"allow":["GET"]}}],"collection":[{"href":"http:\/\/jlggb.net\/blog7\/wp-json\/wp\/v2\/posts"}],"about":[{"href":"http:\/\/jlggb.net\/blog7\/wp-json\/wp\/v2\/types\/post"}],"author":[{"embeddable":true,"href":"http:\/\/jlggb.net\/blog7\/wp-json\/wp\/v2\/users\/1"}],"replies":[{"embeddable":true,"href":"http:\/\/jlggb.net\/blog7\/wp-json\/wp\/v2\/comments?post=3032"}],"version-history":[{"count":11,"href":"http:\/\/jlggb.net\/blog7\/wp-json\/wp\/v2\/posts\/3032\/revisions"}],"predecessor-version":[{"id":3046,"href":"http:\/\/jlggb.net\/blog7\/wp-json\/wp\/v2\/posts\/3032\/revisions\/3046"}],"wp:attachment":[{"href":"http:\/\/jlggb.net\/blog7\/wp-json\/wp\/v2\/media?parent=3032"}],"wp:term":[{"taxonomy":"category","embeddable":true,"href":"http:\/\/jlggb.net\/blog7\/wp-json\/wp\/v2\/categories?post=3032"},{"taxonomy":"post_tag","embeddable":true,"href":"http:\/\/jlggb.net\/blog7\/wp-json\/wp\/v2\/tags?post=3032"}],"curies":[{"name":"wp","href":"https:\/\/api.w.org\/{rel}","templated":true}]}}