{"id":2937,"date":"2021-07-02T14:55:43","date_gmt":"2021-07-02T12:55:43","guid":{"rendered":"http:\/\/jlggb.net\/blog7\/?p=2937"},"modified":"2021-07-21T11:38:05","modified_gmt":"2021-07-21T09:38:05","slug":"point-de-repere-20","status":"publish","type":"post","link":"http:\/\/jlggb.net\/blog7\/point-de-repere-20\/","title":{"rendered":"Point de rep\u00e8re (20)"},"content":{"rendered":"<p><a href=\"http:\/\/jlggb.net\/blog7\/wp-content\/uploads\/2021\/07\/tgv-20210702-1455-jlggb-scaled.jpg\" data-rel=\"lightbox-image-0\" data-imagelightbox=\"0\" data-rl_title=\"\" data-rl_caption=\"\" title=\"\"><img loading=\"lazy\" decoding=\"async\" src=\"http:\/\/jlggb.net\/blog7\/wp-content\/uploads\/2021\/07\/tgv-20210702-1455-jlggb-scaled.jpg\" alt=\"\" width=\"640\" height=\"480\" class=\"alignnone size-full wp-image-2938\" srcset=\"http:\/\/jlggb.net\/blog7\/wp-content\/uploads\/2021\/07\/tgv-20210702-1455-jlggb-scaled.jpg 2560w, http:\/\/jlggb.net\/blog7\/wp-content\/uploads\/2021\/07\/tgv-20210702-1455-jlggb-640x480.jpg 640w, http:\/\/jlggb.net\/blog7\/wp-content\/uploads\/2021\/07\/tgv-20210702-1455-jlggb-768x576.jpg 768w, http:\/\/jlggb.net\/blog7\/wp-content\/uploads\/2021\/07\/tgv-20210702-1455-jlggb-1536x1152.jpg 1536w, http:\/\/jlggb.net\/blog7\/wp-content\/uploads\/2021\/07\/tgv-20210702-1455-jlggb-2048x1536.jpg 2048w, http:\/\/jlggb.net\/blog7\/wp-content\/uploads\/2021\/07\/tgv-20210702-1455-jlggb-150x113.jpg 150w\" sizes=\"auto, (max-width: 640px) 100vw, 640px\" \/><\/a><br \/>\nVendredi 2 juillet 2021, 11h15, TGV d&rsquo;Aix-les-Bains \u00e0 Paris. Relev\u00e9 rituel du point de rep\u00e8re. Comme&nbsp;: <a href=\"http:\/\/jlggb.net\/blog7\/rituel\/\" rel=\"noopener\" target=\"_blank\">http:\/\/jlggb.net\/blog7\/rituel\/<\/a>. Comme le pr\u00e9c\u00e9dent, d&rsquo;avant la pand\u00e9mie, enregistr\u00e9 dans l\u2019intuition&nbsp;: j&rsquo;y pense, je devrais la prendre, je l\u00e8ve l&rsquo;appareil, c&rsquo;est l\u00e0&nbsp;!<\/p>\n","protected":false},"excerpt":{"rendered":"<p>Vendredi 2 juillet 2021, 11h15, TGV d&rsquo;Aix-les-Bains \u00e0 Paris. Relev\u00e9 rituel du point de rep\u00e8re. Comme&nbsp;: http:\/\/jlggb.net\/blog7\/rituel\/. Comme le pr\u00e9c\u00e9dent, d&rsquo;avant la pand\u00e9mie, enregistr\u00e9 dans l\u2019intuition&nbsp;: j&rsquo;y pense, je devrais la prendre, je l\u00e8ve l&rsquo;appareil, c&rsquo;est l\u00e0&nbsp;!<\/p>\n","protected":false},"author":1,"featured_media":0,"comment_status":"closed","ping_status":"closed","sticky":false,"template":"","format":"standard","meta":{"footnotes":""},"categories":[67,62],"tags":[116,69,68],"class_list":["post-2937","post","type-post","status-publish","format-standard","hentry","category-collecter","category-designer","tag-rituel","tag-temps","tag-tgv"],"_links":{"self":[{"href":"http:\/\/jlggb.net\/blog7\/wp-json\/wp\/v2\/posts\/2937","targetHints":{"allow":["GET"]}}],"collection":[{"href":"http:\/\/jlggb.net\/blog7\/wp-json\/wp\/v2\/posts"}],"about":[{"href":"http:\/\/jlggb.net\/blog7\/wp-json\/wp\/v2\/types\/post"}],"author":[{"embeddable":true,"href":"http:\/\/jlggb.net\/blog7\/wp-json\/wp\/v2\/users\/1"}],"replies":[{"embeddable":true,"href":"http:\/\/jlggb.net\/blog7\/wp-json\/wp\/v2\/comments?post=2937"}],"version-history":[{"count":7,"href":"http:\/\/jlggb.net\/blog7\/wp-json\/wp\/v2\/posts\/2937\/revisions"}],"predecessor-version":[{"id":2946,"href":"http:\/\/jlggb.net\/blog7\/wp-json\/wp\/v2\/posts\/2937\/revisions\/2946"}],"wp:attachment":[{"href":"http:\/\/jlggb.net\/blog7\/wp-json\/wp\/v2\/media?parent=2937"}],"wp:term":[{"taxonomy":"category","embeddable":true,"href":"http:\/\/jlggb.net\/blog7\/wp-json\/wp\/v2\/categories?post=2937"},{"taxonomy":"post_tag","embeddable":true,"href":"http:\/\/jlggb.net\/blog7\/wp-json\/wp\/v2\/tags?post=2937"}],"curies":[{"name":"wp","href":"https:\/\/api.w.org\/{rel}","templated":true}]}}