{"id":2828,"date":"2021-06-23T16:00:15","date_gmt":"2021-06-23T14:00:15","guid":{"rendered":"http:\/\/jlggb.net\/blog7\/?p=2828"},"modified":"2021-06-27T22:52:19","modified_gmt":"2021-06-27T20:52:19","slug":"vasque-de-motifs","status":"publish","type":"post","link":"http:\/\/jlggb.net\/blog7\/vasque-de-motifs\/","title":{"rendered":"Vasque de motifs"},"content":{"rendered":"<p><a href=\"http:\/\/jlggb.net\/blog7\/wp-content\/uploads\/2021\/06\/ariana-vasque-motifs-20210623-jlggb-scaled.jpg\" data-rel=\"lightbox-image-0\" data-imagelightbox=\"0\" data-rl_title=\"\" data-rl_caption=\"\" title=\"\"><img loading=\"lazy\" decoding=\"async\" src=\"http:\/\/jlggb.net\/blog7\/wp-content\/uploads\/2021\/06\/ariana-vasque-motifs-20210623-jlggb-scaled.jpg\" alt=\"\" width=\"640\" height=\"480\" class=\"alignnone size-full wp-image-2829\" srcset=\"http:\/\/jlggb.net\/blog7\/wp-content\/uploads\/2021\/06\/ariana-vasque-motifs-20210623-jlggb-scaled.jpg 2560w, http:\/\/jlggb.net\/blog7\/wp-content\/uploads\/2021\/06\/ariana-vasque-motifs-20210623-jlggb-640x480.jpg 640w, http:\/\/jlggb.net\/blog7\/wp-content\/uploads\/2021\/06\/ariana-vasque-motifs-20210623-jlggb-768x576.jpg 768w, http:\/\/jlggb.net\/blog7\/wp-content\/uploads\/2021\/06\/ariana-vasque-motifs-20210623-jlggb-1536x1152.jpg 1536w, http:\/\/jlggb.net\/blog7\/wp-content\/uploads\/2021\/06\/ariana-vasque-motifs-20210623-jlggb-2048x1536.jpg 2048w, http:\/\/jlggb.net\/blog7\/wp-content\/uploads\/2021\/06\/ariana-vasque-motifs-20210623-jlggb-150x113.jpg 150w\" sizes=\"auto, (max-width: 640px) 100vw, 640px\" \/><\/a><br \/>\nMercredi 23 juin 2021, 16h, mus\u00e9e Ariana, Gen\u00e8ve. De l&rsquo;exposition de la Collection japonaise, on attendait un inventaire de motifs, de parements, \u00e0 commencer par ceux au bleu de cobalt sur blanc de porcelaine. Cette vasque de 1860-1890, d&rsquo;environ 60 cm de diam\u00e8tre, appara\u00eet faite pour \u00e7a.<\/p>\n","protected":false},"excerpt":{"rendered":"<p>Mercredi 23 juin 2021, 16h, mus\u00e9e Ariana, Gen\u00e8ve. De l&rsquo;exposition de la Collection japonaise, on attendait un inventaire de motifs, de parements, \u00e0 commencer par ceux au bleu de cobalt sur blanc de porcelaine. Cette vasque de 1860-1890, d&rsquo;environ 60 cm de diam\u00e8tre, appara\u00eet faite pour \u00e7a.<\/p>\n","protected":false},"author":1,"featured_media":0,"comment_status":"closed","ping_status":"closed","sticky":false,"template":"","format":"standard","meta":{"footnotes":""},"categories":[67,39,30],"tags":[465,464,41],"class_list":["post-2828","post","type-post","status-publish","format-standard","hentry","category-collecter","category-dire","category-figurer","tag-motif","tag-parement","tag-porcelaine"],"_links":{"self":[{"href":"http:\/\/jlggb.net\/blog7\/wp-json\/wp\/v2\/posts\/2828","targetHints":{"allow":["GET"]}}],"collection":[{"href":"http:\/\/jlggb.net\/blog7\/wp-json\/wp\/v2\/posts"}],"about":[{"href":"http:\/\/jlggb.net\/blog7\/wp-json\/wp\/v2\/types\/post"}],"author":[{"embeddable":true,"href":"http:\/\/jlggb.net\/blog7\/wp-json\/wp\/v2\/users\/1"}],"replies":[{"embeddable":true,"href":"http:\/\/jlggb.net\/blog7\/wp-json\/wp\/v2\/comments?post=2828"}],"version-history":[{"count":1,"href":"http:\/\/jlggb.net\/blog7\/wp-json\/wp\/v2\/posts\/2828\/revisions"}],"predecessor-version":[{"id":2830,"href":"http:\/\/jlggb.net\/blog7\/wp-json\/wp\/v2\/posts\/2828\/revisions\/2830"}],"wp:attachment":[{"href":"http:\/\/jlggb.net\/blog7\/wp-json\/wp\/v2\/media?parent=2828"}],"wp:term":[{"taxonomy":"category","embeddable":true,"href":"http:\/\/jlggb.net\/blog7\/wp-json\/wp\/v2\/categories?post=2828"},{"taxonomy":"post_tag","embeddable":true,"href":"http:\/\/jlggb.net\/blog7\/wp-json\/wp\/v2\/tags?post=2828"}],"curies":[{"name":"wp","href":"https:\/\/api.w.org\/{rel}","templated":true}]}}