{"id":2703,"date":"2021-05-28T16:00:55","date_gmt":"2021-05-28T14:00:55","guid":{"rendered":"http:\/\/jlggb.net\/blog7\/?p=2703"},"modified":"2021-05-29T13:31:51","modified_gmt":"2021-05-29T11:31:51","slug":"tres-sage","status":"publish","type":"post","link":"http:\/\/jlggb.net\/blog7\/tres-sage\/","title":{"rendered":"C&rsquo;est qui ?"},"content":{"rendered":"<p><a href=\"http:\/\/jlggb.net\/blog7\/wp-content\/uploads\/2021\/05\/notrecolere-20210527-jlggb-scaled.jpg\" data-rel=\"lightbox-image-0\" data-imagelightbox=\"0\" data-rl_title=\"\" data-rl_caption=\"\" title=\"\"><img loading=\"lazy\" decoding=\"async\" class=\"alignnone size-full wp-image-2704\" src=\"http:\/\/jlggb.net\/blog7\/wp-content\/uploads\/2021\/05\/notrecolere-20210527-jlggb-scaled.jpg\" alt=\"\" width=\"640\" height=\"480\" srcset=\"http:\/\/jlggb.net\/blog7\/wp-content\/uploads\/2021\/05\/notrecolere-20210527-jlggb-scaled.jpg 2560w, http:\/\/jlggb.net\/blog7\/wp-content\/uploads\/2021\/05\/notrecolere-20210527-jlggb-640x480.jpg 640w, http:\/\/jlggb.net\/blog7\/wp-content\/uploads\/2021\/05\/notrecolere-20210527-jlggb-768x576.jpg 768w, http:\/\/jlggb.net\/blog7\/wp-content\/uploads\/2021\/05\/notrecolere-20210527-jlggb-1536x1152.jpg 1536w, http:\/\/jlggb.net\/blog7\/wp-content\/uploads\/2021\/05\/notrecolere-20210527-jlggb-2048x1536.jpg 2048w, http:\/\/jlggb.net\/blog7\/wp-content\/uploads\/2021\/05\/notrecolere-20210527-jlggb-150x113.jpg 150w\" sizes=\"auto, (max-width: 640px) 100vw, 640px\" \/><\/a><br \/>\nVendredi 28 mai 2021, 16h, rue Bouvier, Paris, 11e. Sagement trac\u00e9s en noir au pinceau plat, sur des rectangles de papier journal soigneusement coll\u00e9s dans la g\u00e9om\u00e9trie du b\u00e2timent (il s&rsquo;agit du si\u00e8ge d&rsquo;un architecte international de premier plan), les caract\u00e8res annoncent une situation qui pourrait se transformer. Phrase qui para\u00eet sympathique\u00a0ou alors dangereuse.<\/p>\n","protected":false},"excerpt":{"rendered":"<p>Vendredi 28 mai 2021, 16h, rue Bouvier, Paris, 11e. Sagement trac\u00e9s en noir au pinceau plat, sur des rectangles de papier journal soigneusement coll\u00e9s dans la g\u00e9om\u00e9trie du b\u00e2timent (il s&rsquo;agit du si\u00e8ge d&rsquo;un architecte international de premier plan), les caract\u00e8res annoncent une situation qui pourrait se transformer. Phrase qui para\u00eet sympathique\u00a0ou alors dangereuse.<\/p>\n","protected":false},"author":1,"featured_media":0,"comment_status":"closed","ping_status":"closed","sticky":false,"template":"","format":"standard","meta":{"footnotes":""},"categories":[355,17],"tags":[449,450,131,75],"class_list":["post-2703","post","type-post","status-publish","format-standard","hentry","category-investiguer","category-traduire","tag-colle","tag-mots","tag-papier","tag-typographie"],"_links":{"self":[{"href":"http:\/\/jlggb.net\/blog7\/wp-json\/wp\/v2\/posts\/2703","targetHints":{"allow":["GET"]}}],"collection":[{"href":"http:\/\/jlggb.net\/blog7\/wp-json\/wp\/v2\/posts"}],"about":[{"href":"http:\/\/jlggb.net\/blog7\/wp-json\/wp\/v2\/types\/post"}],"author":[{"embeddable":true,"href":"http:\/\/jlggb.net\/blog7\/wp-json\/wp\/v2\/users\/1"}],"replies":[{"embeddable":true,"href":"http:\/\/jlggb.net\/blog7\/wp-json\/wp\/v2\/comments?post=2703"}],"version-history":[{"count":9,"href":"http:\/\/jlggb.net\/blog7\/wp-json\/wp\/v2\/posts\/2703\/revisions"}],"predecessor-version":[{"id":2720,"href":"http:\/\/jlggb.net\/blog7\/wp-json\/wp\/v2\/posts\/2703\/revisions\/2720"}],"wp:attachment":[{"href":"http:\/\/jlggb.net\/blog7\/wp-json\/wp\/v2\/media?parent=2703"}],"wp:term":[{"taxonomy":"category","embeddable":true,"href":"http:\/\/jlggb.net\/blog7\/wp-json\/wp\/v2\/categories?post=2703"},{"taxonomy":"post_tag","embeddable":true,"href":"http:\/\/jlggb.net\/blog7\/wp-json\/wp\/v2\/tags?post=2703"}],"curies":[{"name":"wp","href":"https:\/\/api.w.org\/{rel}","templated":true}]}}